{"id":46913,"date":"2021-09-15T08:48:15","date_gmt":"2021-09-15T06:48:15","guid":{"rendered":"https:\/\/www.toshiba-storage.com\/?p=46913"},"modified":"2021-09-15T13:00:04","modified_gmt":"2021-09-15T11:00:04","slug":"toshiba-pushes-n300-and-x300-hard-drive-storage-capacity-to-18tb","status":"publish","type":"post","link":"https:\/\/www.toshiba-storage.com\/hu\/about\/press-center\/toshiba-pushes-n300-and-x300-hard-drive-storage-capacity-to-18tb\/","title":{"rendered":"A Toshiba 18 TB-ra b\u0151v\u00edti az N300-as \u00e9s az X300-as merevlemezek maxim\u00e1lis t\u00e1rol\u00f3kapacit\u00e1s\u00e1t"},"content":{"rendered":"<p><strong>Harmadik gener\u00e1ci\u00f3s kilenc lemezt\u00e1ny\u00e9ros, h\u00e9liummal t\u00f6lt\u00f6tt burkolat\u00fa modellek egyed\u00fcl\u00e1ll\u00f3 FC-MAMR technol\u00f3gi\u00e1val \u2013 a nagyobb t\u00e1rol\u00e1si s\u0171r\u0171s\u00e9g \u00e9s hat\u00e9konyabb energiafelhaszn\u00e1l\u00e1s impoz\u00e1ns kombin\u00e1ci\u00f3ja<\/strong><\/p>\r\n<!-- \/wp:post-content -->\r\n<p><strong>D\u00fcsseldorf, N\u00e9metorsz\u00e1g \u2013 2021. szeptember 16. \u2013<\/strong> A Toshiba Electronics Europe GmbH \u00faj, 18\u00a0TB-os modellekkel b\u0151v\u00edtette N300 NAS merevlemez-meghajt\u00f3inak, valamint X300 nagy teljes\u00edtm\u00e9ny\u0171 merevlemez-meghajt\u00f3inak v\u00e1laszt\u00e9k\u00e1t. Mindk\u00e9t \u00faj merevlemezben a c\u00e9g forradalmi FC-MAMR (Flux Control \u2013 Microwave Assisted Magnetic Recording, azaz mikrohull\u00e1mmal seg\u00edtett m\u00e1gneses r\u00f6gz\u00edt\u00e9si) technol\u00f3gi\u00e1j\u00e1t is alkalmazt\u00e1k, melyet az \u00e9v kor\u00e1bbi r\u00e9sz\u00e9ben mutattak be.<\/p>\r\n<!-- \/wp:paragraph -->\r\n<p>Az FC-MAMR egy STO (\u201espin-torque oszcill\u00e1tor\u201d) seg\u00edts\u00e9g\u00e9vel tudja jobban ir\u00e1ny\u00edtani \u00e9s hat\u00e9konyan f\u00f3kusz\u00e1lni a merevlemez-meghajt\u00f3 \u00edr\u00f3fej\u00e9ben gener\u00e1lt m\u00e1gneses fluxust. A f\u00f3kusz\u00e1lt fluxus pontosabb \u00edr\u00e1si m\u0171veleteket tesz lehet\u0151v\u00e9, \u00edgy cs\u00f6kken a bitenk\u00e9nti m\u00e1gneses t\u00e9r kiterjed\u00e9se, \u00e9s nagyobb adats\u0171r\u0171s\u00e9get lehet el\u00e9rni az el\u0151z\u0151 gener\u00e1ci\u00f3s, hagyom\u00e1nyos m\u00e1gneses adatr\u00f6gz\u00edt\u00e9si technol\u00f3gi\u00e1t alkalmaz\u00f3 (CMR) merevlemezekhez k\u00e9pest.<\/p>\r\n<!-- \/wp:paragraph -->\r\n<p>Az FC-MAMR technol\u00f3gia haszn\u00e1lata nyom\u00e1n 12,5%-kal n\u0151tt a meghajt\u00f3k adats\u0171r\u0171s\u00e9ge \u2013 ez lemezenk\u00e9nt 2\u00a0TB-os<sup>[1] <\/sup>n\u00f6veked\u00e9st eredm\u00e9nyez a Toshiba kor\u00e1bbi, 16\u00a0TB-os modelljeihez<sup>[1] <\/sup>k\u00e9pest.<\/p>\r\n<!-- \/wp:paragraph -->\r\n<p>Az \u00faj N300 \u00e9s X300 sorozat\u00fa meghajt\u00f3k szabv\u00e1nyos 3,5\u00a0h\u00fcvelykes<sup>[2]<\/sup> form\u00e1tum\u00fa h\u00e1zzal, de a szabadalmaztatott kilenc lemezt\u00e1ny\u00e9ros, h\u00e9liumt\u00f6ltet\u0171 kivitelben k\u00e9sz\u00fclnek. A Toshiba Group korszer\u0171 l\u00e9zeres hegeszt\u00e9si technol\u00f3gi\u00e1ja garant\u00e1lja, hogy a h\u00e9lium biztosan a meghajt\u00f3ban maradjon.<\/p>\r\n<!-- \/wp:paragraph -->\r\n<p>Az N300 sorozatot az otthonr\u00f3l munkav\u00e9gz\u00e9s \u00e9s a kisv\u00e1llalkoz\u00e1sok h\u00e1l\u00f3zati meghajt\u00f3kat \u00e9rint\u0151 ig\u00e9nyeire, valamint a szem\u00e9lyes felh\u0151t\u00e1rhelyekben t\u00f6rt\u00e9n\u0151 alkalmaz\u00e1sa optimaliz\u00e1lt\u00e1k, ak\u00e1r 8 be\u00e9p\u00edt\u0151hellyel<sup>[3]<\/sup>. Az ak\u00e1r 7200 fordulat\/perc teljes\u00edtm\u00e9ny\u0171 meghajt\u00f3kban be\u00e9p\u00edtett forg\u00e1srezg\u00e9s-\u00e9rz\u00e9kel\u0151k seg\u00edtenek kik\u00fcsz\u00f6b\u00f6lni a forg\u00e1si rezg\u00e9sek hat\u00e1sait. A megb\u00edzhat\u00f3 nonstop m\u0171k\u00f6d\u00e9sre tervezett, 1,2 milli\u00f3 \u00f3r\u00e1s \u00e1tlagos \u00e9lettartam\u00fa modellek terhelhet\u0151s\u00e9ge<sup>[4] <\/sup>ak\u00e1r 180\u00a0TB\/\u00e9v.<\/p>\r\n<p>Az X300 sorozat PC-kbe, cs\u00facsmin\u0151s\u00e9g\u0171 asztali munka\u00e1llom\u00e1sokba, j\u00e1t\u00e9kkonzolokba \u00e9s otthoni m\u00e9diarendszerekbe egyar\u00e1nt ide\u00e1lis meghajt\u00f3inak teljes\u00edtm\u00e9nye szint\u00e9n 7200 fordulat\/perc. A meghajt\u00f3k stabiliz\u00e1l\u00f3 mechanizmusai megb\u00edzhat\u00f3bb m\u0171k\u00f6d\u00e9st eredm\u00e9nyeznek, a Toshiba Group gyors\u00edt\u00f3t\u00e1r-technol\u00f3gi\u00e1ja pedig optimaliz\u00e1lja a gyors\u00edt\u00f3t\u00e1r-kezel\u00e9st az \u00edr\u00e1s\/olvas\u00e1s\u00e1i m\u0171veletek alatt, \u00edgy val\u00f3s id\u0151ben gondoskodik a kiemelked\u0151 teljes\u00edtm\u00e9nyr\u0151l.<\/p>\r\n<p>Az N300 sorozat tagjaira 3\u00a0\u00e9ves, az X300 sorozatba tartoz\u00f3 modellekre pedig 2\u00a0\u00e9ves korl\u00e1tozott j\u00f3t\u00e1ll\u00e1s \u00e9rv\u00e9nyes. Az \u00faj 18\u00a0TB-os N300-as \u00e9s X300-as modellek v\u00e1rhat\u00f3an 2021. negyedik negyed\u00e9v\u00e9ben ker\u00fclnek forgalomba.<\/p>\r\n<p>A Toshiba merevlemezes t\u00e1rol\u00f3eszk\u00f6zeinek teljes v\u00e1laszt\u00e9k\u00e1r\u00f3l a <a href=\"https:\/\/www.toshiba-storage.com\/hu\/\">https:\/\/www.toshiba-storage.com\/hu\/<\/a> webhelyen tal\u00e1l r\u00e9szletes t\u00e1j\u00e9koztat\u00e1st.<\/p>\r\n<p><strong>Jegyzetek: <\/strong><\/p>\r\n<p>[1] A kapacit\u00e1s meghat\u00e1roz\u00e1sa: A Toshiba defin\u00edci\u00f3ja szerint 1\u00a0megab\u00e1jt (MB) = 1 000 000 b\u00e1jt, 1\u00a0gigab\u00e1jt (GB) = 1 000 000 000 b\u00e1jt; 1\u00a0terab\u00e1jt (TB) = 1 000 000 000 000 b\u00e1jt. A sz\u00e1m\u00edt\u00f3g\u00e9pes oper\u00e1ci\u00f3s rendszerek azonban a 2\u00a0hatv\u00e1nyai szerint jelzik a t\u00e1rol\u00f3kapacit\u00e1st. Ebben a rendszerben 1\u00a0GB = 230 = 1\u00a0073\u00a0741\u00a0824 b\u00e1jt, ennek k\u00f6vetkezt\u00e9ben az oper\u00e1ci\u00f3s rendszerek kisebb t\u00e1rol\u00f3kapacit\u00e1st jelen\u00edtenek meg. A \u2013 p\u00e9ld\u00e1ul m\u00e9diaf\u00e1jlok sz\u00e1m\u00e1ra \u2013 el\u00e9rhet\u0151 t\u00e1rol\u00f3kapacit\u00e1st befoly\u00e1solj\u00e1k m\u00e9g a k\u00f6vetkez\u0151 t\u00e9nyez\u0151k: a f\u00e1jlm\u00e9ret, a form\u00e1z\u00e1s, a be\u00e1ll\u00edt\u00e1sok, a telep\u00edtett szoftverek \u00e9s az oper\u00e1ci\u00f3s rendszer (p\u00e9ld\u00e1ul Microsoft oper\u00e1ci\u00f3s rendszer), az el\u0151telep\u00edtett alkalmaz\u00e1sok \u00e9s a m\u00e9diatartalom. A t\u00e9nyleges form\u00e1zott kapacit\u00e1s elt\u00e9rhet az itt k\u00f6z\u00f6lt \u00e9rt\u00e9kekt\u0151l.<\/p>\r\n<p>[2] A \u201e3,5\u00a0h\u00fcvelykes\u201d a merevlemez-meghajt\u00f3k form\u00e1tum\u00e1t jel\u00f6li. A meghajt\u00f3 fizikai m\u00e9rete nem ekkora.<\/p>\r\n<p>[3] A t\u00e1mogatott meghajt\u00f3rekeszekkel kapcsolatos inform\u00e1ci\u00f3k\u00e9rt forduljon term\u00e9ke szolg\u00e1ltat\u00f3j\u00e1hoz, mivel a gazdaeszk\u00f6zzel val\u00f3 kompatibilit\u00e1s a RAID-rendszert\u0151l f\u00fcgg\u0151en v\u00e1ltozhat.<\/p>\r\n<p>[4] A terhelhet\u0151s\u00e9g a gazdarendszer parancsai \u00e1ltal egy napt\u00e1ri \u00e9v alatt \u00edrt, olvasott \u00e9s ellen\u0151rz\u00f6tt adatmennyis\u00e9get jel\u00f6li.<\/p>\r\n<p><strong>A Toshiba Electronics Europe GmbH<\/strong> A <a href=\"http:\/\/toshiba.semicon-storage.com\/eu\/top.html\">Toshiba Electronics Europe GmbH<\/a> (TEE) a <a href=\"https:\/\/toshiba.semicon-storage.com\/ap-en\/company.html\">Toshiba Electronic Devices and Storage Corporation<\/a> eur\u00f3pai elektronikai v\u00e1llalata. A TEE innovat\u00edv merevlemez-meghajt\u00f3s term\u00e9keket \u00e9s f\u00e9lvezet\u0151-megold\u00e1sokat szolg\u00e1ltat a j\u00e1rm\u0171ipari, ipari gy\u00e1rt\u00e1si, IoT-, mozg\u00e1svez\u00e9rl\u00e9si, telekommunik\u00e1ci\u00f3s, h\u00e1l\u00f3zatkezel\u00e9si, fogyaszt\u00f3i \u00e9s h\u00e1ztart\u00e1sig\u00e9p-piac sz\u00e1m\u00e1ra. A HDD-k mellett a c\u00e9g sz\u00e9les portf\u00f3li\u00f3ja t\u00f6bbek k\u00f6z\u00f6tt elektromos f\u00e9lvezet\u0151ket \u00e9s m\u00e1s k\u00fcl\u00f6n\u00e1ll\u00f3 eszk\u00f6z\u00f6ket \u2013 p\u00e9ld\u00e1ul di\u00f3d\u00e1kat \u00e9s logikai \u00e1ramk\u00f6r\u00f6ket \u2013, optikai f\u00e9lvezet\u0151ket, mikrovez\u00e9rl\u0151ket \u00e9s alkalmaz\u00e1sspecifikus szabv\u00e1nyos term\u00e9keket (ASSP) foglal mag\u00e1ban.<\/p>\r\n<p>A TEE sz\u00e9khelye N\u00e9metorsz\u00e1gban, D\u00fcsseldorfban tal\u00e1lhat\u00f3, emellett tov\u00e1bbi, marketing-, \u00e9rt\u00e9kes\u00edt\u00e9si \u00e9s logisztikai tev\u00e9kenys\u00e9get v\u00e9gz\u0151 irod\u00e1i m\u0171k\u00f6dnek Franciaorsz\u00e1gban, Olaszorsz\u00e1gban, Spanyolorsz\u00e1gban, Sv\u00e9dorsz\u00e1gban \u00e9s az Egyes\u00fclt Kir\u00e1lys\u00e1gban. A v\u00e1llalat eln\u00f6ke Tomoaki Kumagai.<\/p>\r\n<p>A TEE webhelyein r\u00e9szletesebben t\u00e1j\u00e9koz\u00f3dhat a c\u00e9gr\u0151l: <a href=\"http:\/\/www.toshiba.semicon-storage.com\/\">www.toshiba.semicon-storage.com<\/a> \u00e9s <a href=\"https:\/\/www.toshiba-storage.com\/\">https:\/\/www.toshiba-storage.com\/<\/a><\/p>\r\n<p><strong>Kapcsolatfelv\u00e9teli adatok a publik\u00e1ci\u00f3 \u00fcgy\u00e9ben: <\/strong><\/p>\r\n<!-- \/wp:paragraph -->\r\n\r\n<!-- wp:paragraph -->\r\n<p>Toshiba Electronics Europe GmbH, Hansaallee 181, D-40549 D\u00fcsseldorf, N\u00e9metorsz\u00e1g<\/p>\r\n<!-- \/wp:paragraph -->\r\n\r\n<!-- wp:paragraph -->\r\n<p>Tel: +49 (0) 211 5296 0 Fax: +49 (0) 211 5296 79197<\/p>\r\n<!-- \/wp:paragraph -->\r\n\r\n<!-- wp:paragraph -->\r\n<p>Web:\u00a0 <a href=\"http:\/\/www.toshiba-storage.com\">www.toshiba-storage.com<\/a>\u00a0<a href=\"http:\/\/www.toshiba.semicon-storage.com\"> www.toshiba.semicon-storage.com<\/a><\/p>\r\n<!-- \/wp:paragraph -->\r\n\r\n<!-- wp:paragraph -->\r\n<p>E-mail: <a href=\"mailto:marcom@tee.toshiba.de\">marcom@tee.toshiba.de<\/a><\/p>\r\n<p><strong>Kapcsolatfelv\u00e9teli adatok szerkeszt\u0151i \u00fcgyekben: <\/strong><\/p>\r\n<!-- \/wp:paragraph -->\r\n\r\n<!-- wp:paragraph -->\r\n<p>Martin Hennes, Toshiba Electronics Europe GmbH<\/p>\r\n<!-- \/wp:paragraph -->\r\n\r\n<!-- wp:paragraph -->\r\n<p>Tel: +49 (0) 211 5296 599<\/p>\r\n<!-- \/wp:paragraph -->\r\n\r\n<!-- wp:paragraph -->\r\n<p>E-mail: <a href=\"mailto:MHennes@tee.toshiba.de\">MHennes@tee.toshiba.de<\/a><\/p>\r\n<p><strong>Kiadta: <\/strong><\/p>\r\n<!-- \/wp:paragraph -->\r\n\r\n<!-- wp:paragraph -->\r\n<p>Birgit Sch\u00f6niger, Publitek<\/p>\r\n<!-- \/wp:paragraph -->\r\n\r\n<!-- wp:paragraph -->\r\n<p>Tel: +49 (0)4181 968098-13<\/p>\r\n<!-- \/wp:paragraph -->\r\n\r\n<!-- wp:paragraph -->\r\n<p>Web: <a href=\"http:\/\/www.publitek.com\/\">www.publitek.com<\/a><\/p>\r\n<!-- \/wp:paragraph -->\r\n\r\n<!-- wp:paragraph -->\r\n<p>E-mail: birgit.schoeniger@publitek.com<\/p>\r\n<!-- \/wp:paragraph -->\r\n\r\n<!-- wp:paragraph -->\r\n<p><strong>September 2021 Ref. TSH064\/A<\/strong><\/p>","protected":false},"excerpt":{"rendered":"<p>Harmadik gener\u00e1ci\u00f3s kilenc lemezt\u00e1ny\u00e9ros, h\u00e9liummal t\u00f6lt\u00f6tt burkolat\u00fa modellek egyed\u00fcl\u00e1ll\u00f3 FC-MAMR technol\u00f3gi\u00e1val \u2013 a nagyobb t\u00e1rol\u00e1si s\u0171r\u0171s\u00e9g \u00e9s hat\u00e9konyabb energiafelhaszn\u00e1l\u00e1s impoz\u00e1ns kombin\u00e1ci\u00f3ja D\u00fcsseldorf, N\u00e9metorsz\u00e1g \u2013 2021. szeptember 16. \u2013 A Toshiba Electronics Europe GmbH \u00faj, 18\u00a0TB-os modellekkel b\u0151v\u00edtette N300 NAS merevlemez-meghajt\u00f3inak, valamint X300 nagy teljes\u00edtm\u00e9ny\u0171 merevlemez-meghajt\u00f3inak v\u00e1laszt\u00e9k\u00e1t. Mindk\u00e9t \u00faj merevlemezben a c\u00e9g forradalmi FC-MAMR (Flux Control &hellip;<\/p>\n","protected":false},"author":32,"featured_media":46872,"comment_status":"open","ping_status":"open","sticky":false,"template":"","format":"standard","meta":{"_acf_changed":false,"footnotes":""},"categories":[332],"tags":[],"class_list":["post-46913","post","type-post","status-publish","format-standard","has-post-thumbnail","hentry","category-uncategorized"],"acf":[],"yoast_head":"<!-- This site is optimized with the Yoast SEO Premium plugin v27.4 (Yoast SEO v27.4) - https:\/\/yoast.com\/product\/yoast-seo-premium-wordpress\/ -->\n<title>A Toshiba 18 TB-ra b\u0151v\u00edti az N300-as \u00e9s az X300-as merevlemezek maxim\u00e1lis t\u00e1rol\u00f3kapacit\u00e1s\u00e1t - EMEA<\/title>\n<meta name=\"robots\" content=\"index, follow, max-snippet:-1, max-image-preview:large, max-video-preview:-1\" \/>\n<link rel=\"canonical\" href=\"https:\/\/www.toshiba-storage.com\/hu\/about\/press-center\/toshiba-pushes-n300-and-x300-hard-drive-storage-capacity-to-18tb\/\" \/>\n<meta property=\"og:locale\" content=\"hu_HU\" \/>\n<meta property=\"og:type\" content=\"article\" \/>\n<meta property=\"og:title\" content=\"A Toshiba 18 TB-ra b\u0151v\u00edti az N300-as \u00e9s az X300-as merevlemezek maxim\u00e1lis t\u00e1rol\u00f3kapacit\u00e1s\u00e1t\" \/>\n<meta property=\"og:description\" content=\"Harmadik gener\u00e1ci\u00f3s kilenc lemezt\u00e1ny\u00e9ros, h\u00e9liummal t\u00f6lt\u00f6tt burkolat\u00fa modellek egyed\u00fcl\u00e1ll\u00f3 FC-MAMR technol\u00f3gi\u00e1val \u2013 a nagyobb t\u00e1rol\u00e1si s\u0171r\u0171s\u00e9g \u00e9s hat\u00e9konyabb energiafelhaszn\u00e1l\u00e1s impoz\u00e1ns kombin\u00e1ci\u00f3ja D\u00fcsseldorf, N\u00e9metorsz\u00e1g \u2013 2021. szeptember 16. \u2013 A Toshiba Electronics Europe GmbH \u00faj, 18\u00a0TB-os modellekkel b\u0151v\u00edtette N300 NAS merevlemez-meghajt\u00f3inak, valamint X300 nagy teljes\u00edtm\u00e9ny\u0171 merevlemez-meghajt\u00f3inak v\u00e1laszt\u00e9k\u00e1t. Mindk\u00e9t \u00faj merevlemezben a c\u00e9g forradalmi FC-MAMR (Flux Control &hellip;\" \/>\n<meta property=\"og:url\" content=\"https:\/\/www.toshiba-storage.com\/hu\/about\/press-center\/toshiba-pushes-n300-and-x300-hard-drive-storage-capacity-to-18tb\/\" \/>\n<meta property=\"og:site_name\" content=\"EMEA\" \/>\n<meta property=\"article:publisher\" content=\"https:\/\/www.facebook.com\/ToshibaStorageEU\/\" \/>\n<meta property=\"article:published_time\" content=\"2021-09-15T06:48:15+00:00\" \/>\n<meta property=\"article:modified_time\" content=\"2021-09-15T11:00:04+00:00\" \/>\n<meta property=\"og:image\" content=\"https:\/\/www.toshiba-storage.com\/wp\/wp-content\/uploads\/2021\/09\/Pressrelease-Banner-Presse-Template.jpg\" \/>\n\t<meta property=\"og:image:width\" content=\"2480\" \/>\n\t<meta property=\"og:image:height\" content=\"1689\" \/>\n\t<meta property=\"og:image:type\" content=\"image\/jpeg\" \/>\n<meta name=\"author\" content=\"mhennes\" \/>\n<meta name=\"twitter:card\" content=\"summary_large_image\" \/>\n<meta name=\"twitter:label1\" content=\"Written by\" \/>\n\t<meta name=\"twitter:data1\" content=\"mhennes\" \/>\n\t<meta name=\"twitter:label2\" content=\"Est. reading time\" \/>\n\t<meta name=\"twitter:data2\" content=\"5 minutes\" \/>\n<script type=\"application\/ld+json\" class=\"yoast-schema-graph\">{\"@context\":\"https:\\\/\\\/schema.org\",\"@graph\":[{\"@type\":\"Article\",\"@id\":\"https:\\\/\\\/www.toshiba-storage.com\\\/hu\\\/about\\\/press-center\\\/toshiba-pushes-n300-and-x300-hard-drive-storage-capacity-to-18tb\\\/#article\",\"isPartOf\":{\"@id\":\"https:\\\/\\\/www.toshiba-storage.com\\\/hu\\\/about\\\/press-center\\\/toshiba-pushes-n300-and-x300-hard-drive-storage-capacity-to-18tb\\\/\"},\"author\":{\"name\":\"mhennes\",\"@id\":\"https:\\\/\\\/www.toshiba-storage.com\\\/hu\\\/#\\\/schema\\\/person\\\/92a050eb4e4687380ede87c3e1374d18\"},\"headline\":\"A Toshiba 18 TB-ra b\u0151v\u00edti az N300-as \u00e9s az X300-as merevlemezek maxim\u00e1lis t\u00e1rol\u00f3kapacit\u00e1s\u00e1t\",\"datePublished\":\"2021-09-15T06:48:15+00:00\",\"dateModified\":\"2021-09-15T11:00:04+00:00\",\"mainEntityOfPage\":{\"@id\":\"https:\\\/\\\/www.toshiba-storage.com\\\/hu\\\/about\\\/press-center\\\/toshiba-pushes-n300-and-x300-hard-drive-storage-capacity-to-18tb\\\/\"},\"wordCount\":1069,\"commentCount\":0,\"publisher\":{\"@id\":\"https:\\\/\\\/www.toshiba-storage.com\\\/hu\\\/#organization\"},\"image\":{\"@id\":\"https:\\\/\\\/www.toshiba-storage.com\\\/hu\\\/about\\\/press-center\\\/toshiba-pushes-n300-and-x300-hard-drive-storage-capacity-to-18tb\\\/#primaryimage\"},\"thumbnailUrl\":\"https:\\\/\\\/www.toshiba-storage.com\\\/wp\\\/wp-content\\\/uploads\\\/2021\\\/09\\\/Pressrelease-Banner-Presse-Template.jpg\",\"articleSection\":[\"Uncategorized @hu\"],\"inLanguage\":\"hu-HU\",\"potentialAction\":[{\"@type\":\"CommentAction\",\"name\":\"Comment\",\"target\":[\"https:\\\/\\\/www.toshiba-storage.com\\\/hu\\\/about\\\/press-center\\\/toshiba-pushes-n300-and-x300-hard-drive-storage-capacity-to-18tb\\\/#respond\"]}]},{\"@type\":\"WebPage\",\"@id\":\"https:\\\/\\\/www.toshiba-storage.com\\\/hu\\\/about\\\/press-center\\\/toshiba-pushes-n300-and-x300-hard-drive-storage-capacity-to-18tb\\\/\",\"url\":\"https:\\\/\\\/www.toshiba-storage.com\\\/hu\\\/about\\\/press-center\\\/toshiba-pushes-n300-and-x300-hard-drive-storage-capacity-to-18tb\\\/\",\"name\":\"A Toshiba 18 TB-ra b\u0151v\u00edti az N300-as \u00e9s az X300-as merevlemezek maxim\u00e1lis t\u00e1rol\u00f3kapacit\u00e1s\u00e1t - EMEA\",\"isPartOf\":{\"@id\":\"https:\\\/\\\/www.toshiba-storage.com\\\/hu\\\/#website\"},\"primaryImageOfPage\":{\"@id\":\"https:\\\/\\\/www.toshiba-storage.com\\\/hu\\\/about\\\/press-center\\\/toshiba-pushes-n300-and-x300-hard-drive-storage-capacity-to-18tb\\\/#primaryimage\"},\"image\":{\"@id\":\"https:\\\/\\\/www.toshiba-storage.com\\\/hu\\\/about\\\/press-center\\\/toshiba-pushes-n300-and-x300-hard-drive-storage-capacity-to-18tb\\\/#primaryimage\"},\"thumbnailUrl\":\"https:\\\/\\\/www.toshiba-storage.com\\\/wp\\\/wp-content\\\/uploads\\\/2021\\\/09\\\/Pressrelease-Banner-Presse-Template.jpg\",\"datePublished\":\"2021-09-15T06:48:15+00:00\",\"dateModified\":\"2021-09-15T11:00:04+00:00\",\"inLanguage\":\"hu-HU\",\"potentialAction\":[{\"@type\":\"ReadAction\",\"target\":[\"https:\\\/\\\/www.toshiba-storage.com\\\/hu\\\/about\\\/press-center\\\/toshiba-pushes-n300-and-x300-hard-drive-storage-capacity-to-18tb\\\/\"]}]},{\"@type\":\"ImageObject\",\"inLanguage\":\"hu-HU\",\"@id\":\"https:\\\/\\\/www.toshiba-storage.com\\\/hu\\\/about\\\/press-center\\\/toshiba-pushes-n300-and-x300-hard-drive-storage-capacity-to-18tb\\\/#primaryimage\",\"url\":\"https:\\\/\\\/www.toshiba-storage.com\\\/wp\\\/wp-content\\\/uploads\\\/2021\\\/09\\\/Pressrelease-Banner-Presse-Template.jpg\",\"contentUrl\":\"https:\\\/\\\/www.toshiba-storage.com\\\/wp\\\/wp-content\\\/uploads\\\/2021\\\/09\\\/Pressrelease-Banner-Presse-Template.jpg\",\"width\":2480,\"height\":1689},{\"@type\":\"WebSite\",\"@id\":\"https:\\\/\\\/www.toshiba-storage.com\\\/hu\\\/#website\",\"url\":\"https:\\\/\\\/www.toshiba-storage.com\\\/hu\\\/\",\"name\":\"Toshiba Storage Solutions \u2013 EMEA Region\",\"description\":\"Toshiba in Europe and Middle East Asia provides reliable and innovative storage solutions and internal and external HDDs \u2013for Laptops, PC, NAS, Surveillance and Enterprise.\",\"publisher\":{\"@id\":\"https:\\\/\\\/www.toshiba-storage.com\\\/hu\\\/#organization\"},\"potentialAction\":[{\"@type\":\"SearchAction\",\"target\":{\"@type\":\"EntryPoint\",\"urlTemplate\":\"https:\\\/\\\/www.toshiba-storage.com\\\/hu\\\/?s={search_term_string}\"},\"query-input\":{\"@type\":\"PropertyValueSpecification\",\"valueRequired\":true,\"valueName\":\"search_term_string\"}}],\"inLanguage\":\"hu-HU\"},{\"@type\":\"Organization\",\"@id\":\"https:\\\/\\\/www.toshiba-storage.com\\\/hu\\\/#organization\",\"name\":\"Toshiba Electronics Europe GmbH\",\"url\":\"https:\\\/\\\/www.toshiba-storage.com\\\/hu\\\/\",\"logo\":{\"@type\":\"ImageObject\",\"inLanguage\":\"hu-HU\",\"@id\":\"https:\\\/\\\/www.toshiba-storage.com\\\/hu\\\/#\\\/schema\\\/logo\\\/image\\\/\",\"url\":\"https:\\\/\\\/www.toshiba-storage.com\\\/wp\\\/wp-content\\\/uploads\\\/2024\\\/02\\\/toshiba-logo.png\",\"contentUrl\":\"https:\\\/\\\/www.toshiba-storage.com\\\/wp\\\/wp-content\\\/uploads\\\/2024\\\/02\\\/toshiba-logo.png\",\"width\":263,\"height\":40,\"caption\":\"Toshiba Electronics Europe GmbH\"},\"image\":{\"@id\":\"https:\\\/\\\/www.toshiba-storage.com\\\/hu\\\/#\\\/schema\\\/logo\\\/image\\\/\"},\"sameAs\":[\"https:\\\/\\\/www.facebook.com\\\/ToshibaStorageEU\\\/\",\"https:\\\/\\\/www.linkedin.com\\\/company\\\/toshiba-electronics-europe-gmbh\\\/?originalSubdomain=de\",\"https:\\\/\\\/www.youtube.com\\\/user\\\/ToshibaElectronics1\"]},{\"@type\":\"Person\",\"@id\":\"https:\\\/\\\/www.toshiba-storage.com\\\/hu\\\/#\\\/schema\\\/person\\\/92a050eb4e4687380ede87c3e1374d18\",\"name\":\"mhennes\",\"image\":{\"@type\":\"ImageObject\",\"inLanguage\":\"hu-HU\",\"@id\":\"https:\\\/\\\/secure.gravatar.com\\\/avatar\\\/63a021cdc67cf1c0e073004fe2f134a0f861506219624c04df9e08272a4ebff5?s=96&d=mm&r=g\",\"url\":\"https:\\\/\\\/secure.gravatar.com\\\/avatar\\\/63a021cdc67cf1c0e073004fe2f134a0f861506219624c04df9e08272a4ebff5?s=96&d=mm&r=g\",\"contentUrl\":\"https:\\\/\\\/secure.gravatar.com\\\/avatar\\\/63a021cdc67cf1c0e073004fe2f134a0f861506219624c04df9e08272a4ebff5?s=96&d=mm&r=g\",\"caption\":\"mhennes\"}}]}<\/script>\n<!-- \/ Yoast SEO Premium plugin. -->","yoast_head_json":{"title":"A Toshiba 18 TB-ra b\u0151v\u00edti az N300-as \u00e9s az X300-as merevlemezek maxim\u00e1lis t\u00e1rol\u00f3kapacit\u00e1s\u00e1t - EMEA","robots":{"index":"index","follow":"follow","max-snippet":"max-snippet:-1","max-image-preview":"max-image-preview:large","max-video-preview":"max-video-preview:-1"},"canonical":"https:\/\/www.toshiba-storage.com\/hu\/about\/press-center\/toshiba-pushes-n300-and-x300-hard-drive-storage-capacity-to-18tb\/","og_locale":"hu_HU","og_type":"article","og_title":"A Toshiba 18 TB-ra b\u0151v\u00edti az N300-as \u00e9s az X300-as merevlemezek maxim\u00e1lis t\u00e1rol\u00f3kapacit\u00e1s\u00e1t","og_description":"Harmadik gener\u00e1ci\u00f3s kilenc lemezt\u00e1ny\u00e9ros, h\u00e9liummal t\u00f6lt\u00f6tt burkolat\u00fa modellek egyed\u00fcl\u00e1ll\u00f3 FC-MAMR technol\u00f3gi\u00e1val \u2013 a nagyobb t\u00e1rol\u00e1si s\u0171r\u0171s\u00e9g \u00e9s hat\u00e9konyabb energiafelhaszn\u00e1l\u00e1s impoz\u00e1ns kombin\u00e1ci\u00f3ja D\u00fcsseldorf, N\u00e9metorsz\u00e1g \u2013 2021. szeptember 16. \u2013 A Toshiba Electronics Europe GmbH \u00faj, 18\u00a0TB-os modellekkel b\u0151v\u00edtette N300 NAS merevlemez-meghajt\u00f3inak, valamint X300 nagy teljes\u00edtm\u00e9ny\u0171 merevlemez-meghajt\u00f3inak v\u00e1laszt\u00e9k\u00e1t. Mindk\u00e9t \u00faj merevlemezben a c\u00e9g forradalmi FC-MAMR (Flux Control &hellip;","og_url":"https:\/\/www.toshiba-storage.com\/hu\/about\/press-center\/toshiba-pushes-n300-and-x300-hard-drive-storage-capacity-to-18tb\/","og_site_name":"EMEA","article_publisher":"https:\/\/www.facebook.com\/ToshibaStorageEU\/","article_published_time":"2021-09-15T06:48:15+00:00","article_modified_time":"2021-09-15T11:00:04+00:00","og_image":[{"width":2480,"height":1689,"url":"https:\/\/www.toshiba-storage.com\/wp\/wp-content\/uploads\/2021\/09\/Pressrelease-Banner-Presse-Template.jpg","type":"image\/jpeg"}],"author":"mhennes","twitter_card":"summary_large_image","twitter_misc":{"Written by":"mhennes","Est. reading time":"5 minutes"},"schema":{"@context":"https:\/\/schema.org","@graph":[{"@type":"Article","@id":"https:\/\/www.toshiba-storage.com\/hu\/about\/press-center\/toshiba-pushes-n300-and-x300-hard-drive-storage-capacity-to-18tb\/#article","isPartOf":{"@id":"https:\/\/www.toshiba-storage.com\/hu\/about\/press-center\/toshiba-pushes-n300-and-x300-hard-drive-storage-capacity-to-18tb\/"},"author":{"name":"mhennes","@id":"https:\/\/www.toshiba-storage.com\/hu\/#\/schema\/person\/92a050eb4e4687380ede87c3e1374d18"},"headline":"A Toshiba 18 TB-ra b\u0151v\u00edti az N300-as \u00e9s az X300-as merevlemezek maxim\u00e1lis t\u00e1rol\u00f3kapacit\u00e1s\u00e1t","datePublished":"2021-09-15T06:48:15+00:00","dateModified":"2021-09-15T11:00:04+00:00","mainEntityOfPage":{"@id":"https:\/\/www.toshiba-storage.com\/hu\/about\/press-center\/toshiba-pushes-n300-and-x300-hard-drive-storage-capacity-to-18tb\/"},"wordCount":1069,"commentCount":0,"publisher":{"@id":"https:\/\/www.toshiba-storage.com\/hu\/#organization"},"image":{"@id":"https:\/\/www.toshiba-storage.com\/hu\/about\/press-center\/toshiba-pushes-n300-and-x300-hard-drive-storage-capacity-to-18tb\/#primaryimage"},"thumbnailUrl":"https:\/\/www.toshiba-storage.com\/wp\/wp-content\/uploads\/2021\/09\/Pressrelease-Banner-Presse-Template.jpg","articleSection":["Uncategorized @hu"],"inLanguage":"hu-HU","potentialAction":[{"@type":"CommentAction","name":"Comment","target":["https:\/\/www.toshiba-storage.com\/hu\/about\/press-center\/toshiba-pushes-n300-and-x300-hard-drive-storage-capacity-to-18tb\/#respond"]}]},{"@type":"WebPage","@id":"https:\/\/www.toshiba-storage.com\/hu\/about\/press-center\/toshiba-pushes-n300-and-x300-hard-drive-storage-capacity-to-18tb\/","url":"https:\/\/www.toshiba-storage.com\/hu\/about\/press-center\/toshiba-pushes-n300-and-x300-hard-drive-storage-capacity-to-18tb\/","name":"A Toshiba 18 TB-ra b\u0151v\u00edti az N300-as \u00e9s az X300-as merevlemezek maxim\u00e1lis t\u00e1rol\u00f3kapacit\u00e1s\u00e1t - EMEA","isPartOf":{"@id":"https:\/\/www.toshiba-storage.com\/hu\/#website"},"primaryImageOfPage":{"@id":"https:\/\/www.toshiba-storage.com\/hu\/about\/press-center\/toshiba-pushes-n300-and-x300-hard-drive-storage-capacity-to-18tb\/#primaryimage"},"image":{"@id":"https:\/\/www.toshiba-storage.com\/hu\/about\/press-center\/toshiba-pushes-n300-and-x300-hard-drive-storage-capacity-to-18tb\/#primaryimage"},"thumbnailUrl":"https:\/\/www.toshiba-storage.com\/wp\/wp-content\/uploads\/2021\/09\/Pressrelease-Banner-Presse-Template.jpg","datePublished":"2021-09-15T06:48:15+00:00","dateModified":"2021-09-15T11:00:04+00:00","inLanguage":"hu-HU","potentialAction":[{"@type":"ReadAction","target":["https:\/\/www.toshiba-storage.com\/hu\/about\/press-center\/toshiba-pushes-n300-and-x300-hard-drive-storage-capacity-to-18tb\/"]}]},{"@type":"ImageObject","inLanguage":"hu-HU","@id":"https:\/\/www.toshiba-storage.com\/hu\/about\/press-center\/toshiba-pushes-n300-and-x300-hard-drive-storage-capacity-to-18tb\/#primaryimage","url":"https:\/\/www.toshiba-storage.com\/wp\/wp-content\/uploads\/2021\/09\/Pressrelease-Banner-Presse-Template.jpg","contentUrl":"https:\/\/www.toshiba-storage.com\/wp\/wp-content\/uploads\/2021\/09\/Pressrelease-Banner-Presse-Template.jpg","width":2480,"height":1689},{"@type":"WebSite","@id":"https:\/\/www.toshiba-storage.com\/hu\/#website","url":"https:\/\/www.toshiba-storage.com\/hu\/","name":"Toshiba Storage Solutions \u2013 EMEA Region","description":"Toshiba in Europe and Middle East Asia provides reliable and innovative storage solutions and internal and external HDDs \u2013for Laptops, PC, NAS, Surveillance and Enterprise.","publisher":{"@id":"https:\/\/www.toshiba-storage.com\/hu\/#organization"},"potentialAction":[{"@type":"SearchAction","target":{"@type":"EntryPoint","urlTemplate":"https:\/\/www.toshiba-storage.com\/hu\/?s={search_term_string}"},"query-input":{"@type":"PropertyValueSpecification","valueRequired":true,"valueName":"search_term_string"}}],"inLanguage":"hu-HU"},{"@type":"Organization","@id":"https:\/\/www.toshiba-storage.com\/hu\/#organization","name":"Toshiba Electronics Europe GmbH","url":"https:\/\/www.toshiba-storage.com\/hu\/","logo":{"@type":"ImageObject","inLanguage":"hu-HU","@id":"https:\/\/www.toshiba-storage.com\/hu\/#\/schema\/logo\/image\/","url":"https:\/\/www.toshiba-storage.com\/wp\/wp-content\/uploads\/2024\/02\/toshiba-logo.png","contentUrl":"https:\/\/www.toshiba-storage.com\/wp\/wp-content\/uploads\/2024\/02\/toshiba-logo.png","width":263,"height":40,"caption":"Toshiba Electronics Europe GmbH"},"image":{"@id":"https:\/\/www.toshiba-storage.com\/hu\/#\/schema\/logo\/image\/"},"sameAs":["https:\/\/www.facebook.com\/ToshibaStorageEU\/","https:\/\/www.linkedin.com\/company\/toshiba-electronics-europe-gmbh\/?originalSubdomain=de","https:\/\/www.youtube.com\/user\/ToshibaElectronics1"]},{"@type":"Person","@id":"https:\/\/www.toshiba-storage.com\/hu\/#\/schema\/person\/92a050eb4e4687380ede87c3e1374d18","name":"mhennes","image":{"@type":"ImageObject","inLanguage":"hu-HU","@id":"https:\/\/secure.gravatar.com\/avatar\/63a021cdc67cf1c0e073004fe2f134a0f861506219624c04df9e08272a4ebff5?s=96&d=mm&r=g","url":"https:\/\/secure.gravatar.com\/avatar\/63a021cdc67cf1c0e073004fe2f134a0f861506219624c04df9e08272a4ebff5?s=96&d=mm&r=g","contentUrl":"https:\/\/secure.gravatar.com\/avatar\/63a021cdc67cf1c0e073004fe2f134a0f861506219624c04df9e08272a4ebff5?s=96&d=mm&r=g","caption":"mhennes"}}]}},"_links":{"self":[{"href":"https:\/\/www.toshiba-storage.com\/hu\/wp-json\/wp\/v2\/posts\/46913","targetHints":{"allow":["GET"]}}],"collection":[{"href":"https:\/\/www.toshiba-storage.com\/hu\/wp-json\/wp\/v2\/posts"}],"about":[{"href":"https:\/\/www.toshiba-storage.com\/hu\/wp-json\/wp\/v2\/types\/post"}],"author":[{"embeddable":true,"href":"https:\/\/www.toshiba-storage.com\/hu\/wp-json\/wp\/v2\/users\/32"}],"replies":[{"embeddable":true,"href":"https:\/\/www.toshiba-storage.com\/hu\/wp-json\/wp\/v2\/comments?post=46913"}],"version-history":[{"count":0,"href":"https:\/\/www.toshiba-storage.com\/hu\/wp-json\/wp\/v2\/posts\/46913\/revisions"}],"wp:featuredmedia":[{"embeddable":true,"href":"https:\/\/www.toshiba-storage.com\/hu\/wp-json\/wp\/v2\/media\/46872"}],"wp:attachment":[{"href":"https:\/\/www.toshiba-storage.com\/hu\/wp-json\/wp\/v2\/media?parent=46913"}],"wp:term":[{"taxonomy":"category","embeddable":true,"href":"https:\/\/www.toshiba-storage.com\/hu\/wp-json\/wp\/v2\/categories?post=46913"},{"taxonomy":"post_tag","embeddable":true,"href":"https:\/\/www.toshiba-storage.com\/hu\/wp-json\/wp\/v2\/tags?post=46913"}],"curies":[{"name":"wp","href":"https:\/\/api.w.org\/{rel}","templated":true}]}}