{"id":24416,"date":"2018-12-04T09:00:30","date_gmt":"2018-12-04T08:00:30","guid":{"rendered":"https:\/\/www.toshiba-storage.com\/Array\/about\/press-center\/new-4tb-canvio-portable-hard-drive-models\/"},"modified":"2018-12-04T10:39:40","modified_gmt":"2018-12-04T09:39:40","slug":"new-4tb-canvio-portable-hard-drive-models","status":"publish","type":"post","link":"https:\/\/www.toshiba-storage.com\/hu\/about\/press-center\/new-4tb-canvio-portable-hard-drive-models\/","title":{"rendered":"A Toshiba \u00faj 4 TB-os CANVIO hordozhat\u00f3 merevlemez-meghajt\u00f3kkal b\u0151v\u00edti biztons\u00e1gos \u00e9s megb\u00edzhat\u00f3 adatt\u00e1rol\u00f3-eszk\u00f6zeinek v\u00e1laszt\u00e9k\u00e1t"},"content":{"rendered":"<div class=\"wpb-content-wrapper\"><p>[vc_row][vc_column][vc_single_image image=&#8221;24375&#8243; img_size=&#8221;large&#8221; alignment=&#8221;center&#8221;][\/vc_column][\/vc_row][vc_row][vc_column width=&#8221;1\/2&#8243;][vc_column_text]<\/p>\n<p class=\"p1\"><span class=\"s1\"><i>Az eleg\u00e1ns \u00e9s v\u00e9kony kivitel\u0171 k\u00fcls\u0151 meghajt\u00f3k praktikus funkci\u00f3ihoz nagyobb t\u00e1rol\u00f3kapacit\u00e1s p\u00e1rosul <\/i><\/span><\/p>\n<p class=\"p3\"><span class=\"s1\"><b>D<\/b><\/span><span class=\"s2\"><b>\u00fc<\/b><\/span><span class=\"s1\"><b>sseldorf, N\u00e9metorsz\u00e1g \u2013 <\/b><\/span><span class=\"s3\"><b>2018. december 4.<\/b><\/span><span class=\"s1\"><b> <\/b>\u2013 A Toshiba Electronics Europe GmbH ma bejelentette n\u00e9pszer\u0171 CANVIO k\u00fcls\u0151merevlemez-csal\u00e1dj\u00e1nak \u00faj tagjait: mostant\u00f3l PREMIUM, ADVANCE, BASICS \u00e9s READY sorozata egyar\u00e1nt megv\u00e1s\u00e1rolhat\u00f3 4 TB<\/span><span class=\"s4\"><sup>[1]<\/sup><\/span><span class=\"s1\"> -os t\u00e1rol\u00f3kapacit\u00e1ssal is.<\/span><\/p>\n<p class=\"p5\"><span class=\"s1\">A Toshiba szakadatlanul t\u00f6rekszik az \u00fczleti \u00e9s a mag\u00e1nc\u00e9l\u00fa adatt\u00e1rol\u00e1si lehet\u0151s\u00e9gek optimaliz\u00e1l\u00e1s\u00e1ra, ez vezetett \u00faj, a kor\u00e1bbi, 3 TB-os modellek\u00e9t 33%-kal fel\u00fclm\u00fal\u00f3, 4 TB-os kapacit\u00e1s\u00fa hordozhat\u00f3 k\u00fcls\u0151 merevlemez-meghajt\u00f3inak bemutat\u00e1s\u00e1hoz is. A 4 TB-os modellek mag\u00e1nszem\u00e9lyeknek ugyan\u00fagy ide\u00e1lisak, mint kis- \u00e9s k\u00f6z\u00e9pv\u00e1llalatoknak: kit\u0171n\u0151en t\u00e1rolhatj\u00e1k rajtuk nagy m\u00e9ret\u0171 f\u00e1jlaikat \u00e9s adataik biztons\u00e1gi m\u00e1solat\u00e1t. <\/span><span class=\"s5\">Az 1 TB-os lemeztechnol\u00f3gi\u00e1nak k\u00f6sz\u00f6nhet\u0151en a 4 TB-os CANVIO-modellek meg\u0151rizt\u00e9k 3 TB-os t\u00e1rsaik v\u00e9gkony kivitel\u00e9t. Mindegyik modell haszn\u00e1lhat\u00f3 Windows<\/span><span class=\"s4\"><b><sup>\u00ae<\/sup><\/b><sup> [2]<\/sup><\/span><span class=\"s5\"> \u00e9s Mac<\/span><span class=\"s4\"><sup>[3] <\/sup><\/span><span class=\"s5\">oper\u00e1ci\u00f3s rendszerrel, valamint USB 3.0 \u00e9s USB 2.0 szabv\u00e1ny\u00fa portokhoz is csatlakozthat\u00f3.<\/span><\/p>\n<p class=\"p3\"><span class=\"s1\">A CANVIO merevlemezek sz\u00e9p, karcs\u00fa \u00e9s eleg\u00e1ns kivitel\u00e9hez praktikus jellemz\u0151k p\u00e1rosulnak, \u00edgy p\u00e9ld\u00e1ul a bels\u0151 elhaszn\u00e1l\u00f3d\u00e1st megel\u0151z\u0151 ramp-load kialak\u00edt\u00e1s, a plug-and-play m\u0171k\u00f6d\u00e9s, valamint a sz\u00e9les kapacit\u00e1sv\u00e1laszt\u00e9k (500 GB<\/span><span class=\"s4\"><sup>[4]<\/sup><\/span><span class=\"s1\">, 1 TB, 2 TB, 3 TB \u00e9s mostant\u00f3l 4 TB is). <\/span><\/p>\n<p class=\"p3\"><span class=\"s1\">\u201eA Toshiba az\u00e9rt adja k\u00f6zre ezeket az \u00faj 4 TB-os meghajt\u00f3kat, hogy \u00fcgyfelei m\u00e9g nagyobb t\u00e1rol\u00f3kapacit\u00e1s birtok\u00e1ba juthassanak, hiszen a mag\u00e1nszem\u00e9lyek \u00e9s a c\u00e9gek adatt\u00e1rol\u00e1si ig\u00e9nyei is exponenci\u00e1lisan n\u0151nek. Az \u00faj meghajt\u00f3k a legkorszer\u0171bb technol\u00f3gi\u00e1kat egyes\u00edtik egy hordozhat\u00f3, k\u00f6nny\u0171 \u00e9s sz\u00e9p burkolatban\u201d \u2013 nyilatkozta Larry Martinez-Palomo, a Toshiba Electronics Europe merevlemezes \u00fczleti egys\u00e9g\u00e9nek igazgat\u00f3ja. <\/span><\/p>\n<p>[\/vc_column_text][\/vc_column][vc_column width=&#8221;1\/2&#8243;][vc_column_text]<\/p>\n<p class=\"p1\"><strong><span class=\"s1\">Jegyzetek: <\/span><\/strong><\/p>\n<p class=\"p2\"><span class=\"s1\">[1] A kapacit\u00e1s meghat\u00e1roz\u00e1sa: Az egy gigab\u00e1jt (GB) egymilli\u00e1rd b\u00e1jtot, az egy terab\u00e1jt (TB) egybilli\u00f3 b\u00e1jtot jelent. A teljes rendelkez\u00e9sre \u00e1ll\u00f3 kapacit\u00e1s f\u00fcgg az oper\u00e1ci\u00f3s k\u00f6rnyezett\u0151l, \u00e9s a t\u00e9nyleges t\u00e1rol\u00f3kapacit\u00e1s kevesebbnek mutatkozhat. Az el\u00e9rhet\u0151 eredm\u00e9nyek elt\u00e9r\u0151ek. A sz\u00e1m\u00edt\u00f3g\u00e9pes oper\u00e1ci\u00f3s rendszerek azonban a t\u00e1rol\u00f3kapacit\u00e1st a 2 hatv\u00e1nyai szerint jelentik, ez\u00e9rt 1 TB egyenl\u0151 2<\/span><span class=\"s2\"><sup>40<\/sup><\/span><span class=\"s1\"> = 1\u00a0099\u00a0511\u00a0627\u00a0776 b\u00e1jttal, ennek k\u00f6vetkezt\u00e9ben a megjelen\u00edtett t\u00e1rol\u00f3kapacit\u00e1s kisebb.<\/span><\/p>\n<p class=\"p2\"><span class=\"s1\">[2] A CANVIO merevlemezek Windows 10, Windows 8.1 \u00e9s Windows 7 rendszerrel haszn\u00e1lhat\u00f3k. A meghajt\u00f3 alap\u00e9rtelmez\u00e9s szerint a Microsoft rendszerekkel haszn\u00e1lhat\u00f3 NTFS f\u00e1jlrendszerrel van megform\u00e1zva, de \u00fajraform\u00e1zhat\u00f3. A Windows n\u00e9v a Microsoft Corporation Amerikai Egyes\u00fclt \u00c1llamokban, illetve m\u00e1s orsz\u00e1gokban bejegyzett kereskedelmi v\u00e9djegye.<\/span><\/p>\n<p class=\"p2\"><span class=\"s1\">[3] A CANVIO merevlemezek a macOS 10.13-as \u00e9s 10.12-es, illetve az OS X 10.11-es verzi\u00f3j\u00e1val haszn\u00e1lhat\u00f3k, de el\u0151z\u0151leg \u00fajra kell \u0151ket form\u00e1zni HFS+ f\u00e1jlrendszerrel. A Mac, a macOS \u00e9s az OS X n\u00e9v az Apple Inc. Amerikai Egyes\u00fclt \u00c1llamokban, illetve m\u00e1s orsz\u00e1gokban bejegyzett kereskedelmi v\u00e9djegye.<\/span><\/p>\n<p class=\"p3\"><span class=\"s1\">[4] 500 GB csak a CANVIO BASICS \u00e9s a CANVIO READY eset\u00e9ben.<\/span><\/p>\n<p class=\"p4\"><span class=\"s1\">[5] Az USB Type-C-kompatibilit\u00e1s egy az A t\u00edpus\u00fa csatlakoz\u00f3t C t\u00edpus\u00fav\u00e1 alak\u00edt\u00f3 adapterrel \u00e9rhet\u0151 el. Ilyet csak a CANVIO PREMIUM sorozathoz mell\u00e9kel\u00fcnk. Az adaptert megford\u00edt\u00e1s n\u00e9lk\u00fcl, mindk\u00e9t ir\u00e1nyban be lehet illeszteni az aljzatba, \u00edgy a merevlemez egyszer\u0171en csatlakoztathat\u00f3 laptopokhoz \u00e9s cs\u00facskateg\u00f3ri\u00e1j\u00fa asztali sz\u00e1m\u00edt\u00f3g\u00e9pekhez egyar\u00e1nt. Az USB Type-C \u00e9s az USB-C n\u00e9v az USB Implementers Forum kereskedelmi v\u00e9djegye. <\/span><\/p>\n<p>[\/vc_column_text][\/vc_column][\/vc_row][vc_row][vc_column width=&#8221;1\/2&#8243;][vc_column_text]<\/p>\n<p class=\"p1\"><span class=\"s1\">A CANVIO PREMIUM sorozat a term\u00e9kcsal\u00e1d z\u00e1szl\u00f3shaj\u00f3ja, st\u00edlusos alum\u00ednum burkolata gy\u00e9m\u00e1ntv\u00e1gott \u00e9lekben v\u00e9gz\u0151dik, sz\u00fcrke \u00e9s s\u00f6t\u00e9t met\u00e1lsz\u00fcrke sz\u00ednben kaphat\u00f3. A CANVIO PREMIUM merevlemezekhez mell\u00e9kel\u00fcnk egy az A t\u00edpus\u00fa csatlakoz\u00f3t C t\u00edpus\u00fara \u00e1talak\u00edt\u00f3 USB-adaptert<\/span><span class=\"s2\"><sup>[5]<\/sup><\/span><span class=\"s1\">, ezenk\u00edv\u00fcl igyenesen let\u00f6lthet\u0151 hozz\u00e1juk a jelszavas v\u00e9delmet ny\u00fajt\u00f3 Toshiba Storage Security szoftver, valamint a Toshiba Storage Backup szoftver, ut\u00f3bbi a felhaszn\u00e1l\u00f3 \u00e1ltal megadott id\u0151k\u00f6z\u00f6nk\u00e9nt rendszeresen biztons\u00e1gi m\u00e1solatot k\u00e9sz\u00edt az adatokr\u00f3l. Mindegyik modellre 3 \u00e9ves j\u00f3t\u00e1ll\u00e1st v\u00e1llalunk.<\/span><\/p>\n<p class=\"p1\"><span class=\"s1\">A CANVIO ADVANCE sorozat n\u00e9gy k\u00fcl\u00f6nb\u00f6z\u0151 \u2013 fekete, feh\u00e9r, k\u00e9k \u00e9s piros \u2013 sz\u00ednben \u00e9rhet\u0151 el, f\u00e9nyes burkolattal. Ak\u00e1rcsak a PREMIUM modellekhez, ehhez a sorozathoz is ingyen let\u00f6lthet\u0151 a Toshiba Storage Backup automatikus biztons\u00e1gi ment\u00e9si szoftver, valamint a jelszavas v\u00e9delmet ny\u00fajt\u00f3 Storage Security szoftver.<\/span><\/p>\n<p class=\"p1\"><span class=\"s1\">A CANVIO BASICS sorozat minimalista st\u00edlus\u00fa matt fekete burkolatban kaphat\u00f3. Nagyon sokf\u00e9le t\u00e1rol\u00e1si ig\u00e9ny kiel\u00e9g\u00edt\u00e9s\u00e9re ide\u00e1lis, kit\u0171n\u0151en meg\u0151rizhet\u0151k rajta sz\u00e1m\u00edt\u00f3g\u00e9pes adatok, videof\u00e1jlok, hangf\u00e1jlok \u00e9s f\u00e9nyk\u00e9pek. <\/span><\/p>\n<p class=\"p1\"><span class=\"s1\">A CANVIO READY sorozat mutat\u00f3s, kis m\u00e9ret\u0171, rec\u00e9zett fel\u00fclet\u0171 fekete burkolatban kaphat\u00f3. Plug-and-play funkci\u00f3j\u00e1nak k\u00f6sz\u00f6nhet\u0151en azonnal haszn\u00e1latba vehet\u0151, \u00e9s nagy multim\u00e9di\u00e1s gy\u0171jtem\u00e9nyek sz\u00e1m\u00e1ra is elegend\u0151 helyet biztos\u00edt. <\/span><\/p>\n<p class=\"p1\"><span class=\"s1\">Az \u00faj 4 TB-os modellek 2019 janu\u00e1rj\u00e1t\u00f3l kezdve v\u00e1lnak \u00e1ltal\u00e1nosan el\u00e9rhet\u0151v\u00e9. <\/span><\/p>\n<p>[\/vc_column_text][\/vc_column][vc_column width=&#8221;1\/2&#8243;][vc_column_text]<\/p>\n<p class=\"p1\"><span class=\"s1\">&#8211; A jelen dokumentumban szerepl\u0151 inform\u00e1ci\u00f3k \u2013 ide\u00e9rtve a term\u00e9kek \u00e1r\u00e1t, m\u0171szaki adatait, a szolg\u00e1ltat\u00e1sok tartalm\u00e1t \u00e9s a kapcsolatfelv\u00e9teli adatokat \u2013 a k\u00f6zlem\u00e9ny kiad\u00e1s\u00e1nak id\u0151pontj\u00e1ban fenn\u00e1ll\u00f3 \u00e1llapotnak felelnek meg, \u00e9s el\u0151zetes \u00e9rtes\u00edt\u00e9s n\u00e9lk\u00fcl v\u00e1ltozhatnak.<\/span><\/p>\n<p class=\"p1\"><span class=\"s1\">&#8211; Az eml\u00edtett v\u00e1llalat-, term\u00e9k- \u00e9s szolg\u00e1ltat\u00e1snevek a tulajdonosaik v\u00e9djegyei lehetnek.<\/span><\/p>\n<p class=\"p1\"><span class=\"s1\">&#8211;\u00a0 A hirdet\u00e9si s\u00e1von l\u00e1that\u00f3 k\u00e9pek csak illusztr\u00e1ci\u00f3k, nem a t\u00e9nyleges term\u00e9kek l\u00e1that\u00f3k rajtuk. A k\u00e9pek kiz\u00e1r\u00f3lag a term\u00e9kek funkci\u00f3j\u00e1nak illusztr\u00e1l\u00e1s\u00e1ra szolg\u00e1lnak.<\/span><\/p>\n<p class=\"p1\"><span class=\"s1\">&#8211; A Canvio n\u00e9v a Toshiba America Electronic Components, Inc. v\u00e9djegye.<\/span><\/p>\n<p>[\/vc_column_text][\/vc_column][\/vc_row]<\/p>\n<\/div>","protected":false},"excerpt":{"rendered":"<p>[vc_row][vc_column][vc_single_image image=&#8221;24375&#8243; img_size=&#8221;large&#8221; alignment=&#8221;center&#8221;][\/vc_column][\/vc_row][vc_row][vc_column width=&#8221;1\/2&#8243;][vc_column_text] Az eleg\u00e1ns \u00e9s v\u00e9kony kivitel\u0171 k\u00fcls\u0151 meghajt\u00f3k praktikus funkci\u00f3ihoz nagyobb t\u00e1rol\u00f3kapacit\u00e1s p\u00e1rosul D\u00fcsseldorf, N\u00e9metorsz\u00e1g \u2013 2018. december 4. \u2013 A Toshiba Electronics Europe GmbH ma bejelentette n\u00e9pszer\u0171 CANVIO k\u00fcls\u0151merevlemez-csal\u00e1dj\u00e1nak \u00faj tagjait: mostant\u00f3l PREMIUM, ADVANCE, BASICS \u00e9s READY sorozata egyar\u00e1nt megv\u00e1s\u00e1rolhat\u00f3 4 TB[1] -os t\u00e1rol\u00f3kapacit\u00e1ssal is. A Toshiba szakadatlanul t\u00f6rekszik az &hellip;<\/p>\n","protected":false},"author":23,"featured_media":24380,"comment_status":"open","ping_status":"open","sticky":false,"template":"","format":"standard","meta":{"_acf_changed":false,"footnotes":""},"categories":[332],"tags":[],"class_list":["post-24416","post","type-post","status-publish","format-standard","has-post-thumbnail","hentry","category-uncategorized"],"acf":[],"yoast_head":"<!-- This site is optimized with the Yoast SEO Premium plugin v27.4 (Yoast SEO v27.4) - https:\/\/yoast.com\/product\/yoast-seo-premium-wordpress\/ -->\n<title>A Toshiba \u00faj 4 TB-os CANVIO hordozhat\u00f3 merevlemez-meghajt\u00f3kkal b\u0151v\u00edti biztons\u00e1gos \u00e9s megb\u00edzhat\u00f3 adatt\u00e1rol\u00f3-eszk\u00f6zeinek v\u00e1laszt\u00e9k\u00e1t - EMEA<\/title>\n<meta name=\"robots\" content=\"index, follow, max-snippet:-1, max-image-preview:large, max-video-preview:-1\" \/>\n<link rel=\"canonical\" href=\"https:\/\/www.toshiba-storage.com\/hu\/about\/press-center\/new-4tb-canvio-portable-hard-drive-models\/\" \/>\n<meta property=\"og:locale\" content=\"hu_HU\" \/>\n<meta property=\"og:type\" content=\"article\" \/>\n<meta property=\"og:title\" content=\"A Toshiba \u00faj 4 TB-os CANVIO hordozhat\u00f3 merevlemez-meghajt\u00f3kkal b\u0151v\u00edti biztons\u00e1gos \u00e9s megb\u00edzhat\u00f3 adatt\u00e1rol\u00f3-eszk\u00f6zeinek v\u00e1laszt\u00e9k\u00e1t\" \/>\n<meta property=\"og:description\" content=\"[vc_row][vc_column][vc_single_image image=&#8221;24375&#8243; img_size=&#8221;large&#8221; alignment=&#8221;center&#8221;][\/vc_column][\/vc_row][vc_row][vc_column width=&#8221;1\/2&#8243;][vc_column_text] Az eleg\u00e1ns \u00e9s v\u00e9kony kivitel\u0171 k\u00fcls\u0151 meghajt\u00f3k praktikus funkci\u00f3ihoz nagyobb t\u00e1rol\u00f3kapacit\u00e1s p\u00e1rosul D\u00fcsseldorf, N\u00e9metorsz\u00e1g \u2013 2018. december 4. \u2013 A Toshiba Electronics Europe GmbH ma bejelentette n\u00e9pszer\u0171 CANVIO k\u00fcls\u0151merevlemez-csal\u00e1dj\u00e1nak \u00faj tagjait: mostant\u00f3l PREMIUM, ADVANCE, BASICS \u00e9s READY sorozata egyar\u00e1nt megv\u00e1s\u00e1rolhat\u00f3 4 TB[1] -os t\u00e1rol\u00f3kapacit\u00e1ssal is. A Toshiba szakadatlanul t\u00f6rekszik az &hellip;\" \/>\n<meta property=\"og:url\" content=\"https:\/\/www.toshiba-storage.com\/hu\/about\/press-center\/new-4tb-canvio-portable-hard-drive-models\/\" \/>\n<meta property=\"og:site_name\" content=\"EMEA\" \/>\n<meta property=\"article:publisher\" content=\"https:\/\/www.facebook.com\/ToshibaStorageEU\/\" \/>\n<meta property=\"article:published_time\" content=\"2018-12-04T08:00:30+00:00\" \/>\n<meta property=\"article:modified_time\" content=\"2018-12-04T09:39:40+00:00\" \/>\n<meta name=\"twitter:card\" content=\"summary_large_image\" \/>\n<meta name=\"twitter:label1\" content=\"Written by\" \/>\n\t<meta name=\"twitter:data1\" content=\"\" \/>\n\t<meta name=\"twitter:label2\" content=\"Est. reading time\" \/>\n\t<meta name=\"twitter:data2\" content=\"5 minutes\" \/>\n<script type=\"application\/ld+json\" class=\"yoast-schema-graph\">{\"@context\":\"https:\\\/\\\/schema.org\",\"@graph\":[{\"@type\":\"Article\",\"@id\":\"https:\\\/\\\/www.toshiba-storage.com\\\/hu\\\/about\\\/press-center\\\/new-4tb-canvio-portable-hard-drive-models\\\/#article\",\"isPartOf\":{\"@id\":\"https:\\\/\\\/www.toshiba-storage.com\\\/hu\\\/about\\\/press-center\\\/new-4tb-canvio-portable-hard-drive-models\\\/\"},\"author\":{\"name\":\"\",\"@id\":\"\"},\"headline\":\"A Toshiba \u00faj 4 TB-os CANVIO hordozhat\u00f3 merevlemez-meghajt\u00f3kkal b\u0151v\u00edti biztons\u00e1gos \u00e9s megb\u00edzhat\u00f3 adatt\u00e1rol\u00f3-eszk\u00f6zeinek v\u00e1laszt\u00e9k\u00e1t\",\"datePublished\":\"2018-12-04T08:00:30+00:00\",\"dateModified\":\"2018-12-04T09:39:40+00:00\",\"mainEntityOfPage\":{\"@id\":\"https:\\\/\\\/www.toshiba-storage.com\\\/hu\\\/about\\\/press-center\\\/new-4tb-canvio-portable-hard-drive-models\\\/\"},\"wordCount\":1117,\"commentCount\":0,\"publisher\":{\"@id\":\"https:\\\/\\\/www.toshiba-storage.com\\\/hu\\\/#organization\"},\"image\":{\"@id\":\"https:\\\/\\\/www.toshiba-storage.com\\\/hu\\\/about\\\/press-center\\\/new-4tb-canvio-portable-hard-drive-models\\\/#primaryimage\"},\"thumbnailUrl\":\"\",\"articleSection\":[\"Uncategorized @hu\"],\"inLanguage\":\"hu-HU\",\"potentialAction\":[{\"@type\":\"CommentAction\",\"name\":\"Comment\",\"target\":[\"https:\\\/\\\/www.toshiba-storage.com\\\/hu\\\/about\\\/press-center\\\/new-4tb-canvio-portable-hard-drive-models\\\/#respond\"]}]},{\"@type\":\"WebPage\",\"@id\":\"https:\\\/\\\/www.toshiba-storage.com\\\/hu\\\/about\\\/press-center\\\/new-4tb-canvio-portable-hard-drive-models\\\/\",\"url\":\"https:\\\/\\\/www.toshiba-storage.com\\\/hu\\\/about\\\/press-center\\\/new-4tb-canvio-portable-hard-drive-models\\\/\",\"name\":\"A Toshiba \u00faj 4 TB-os CANVIO hordozhat\u00f3 merevlemez-meghajt\u00f3kkal b\u0151v\u00edti biztons\u00e1gos \u00e9s megb\u00edzhat\u00f3 adatt\u00e1rol\u00f3-eszk\u00f6zeinek v\u00e1laszt\u00e9k\u00e1t - EMEA\",\"isPartOf\":{\"@id\":\"https:\\\/\\\/www.toshiba-storage.com\\\/hu\\\/#website\"},\"primaryImageOfPage\":{\"@id\":\"https:\\\/\\\/www.toshiba-storage.com\\\/hu\\\/about\\\/press-center\\\/new-4tb-canvio-portable-hard-drive-models\\\/#primaryimage\"},\"image\":{\"@id\":\"https:\\\/\\\/www.toshiba-storage.com\\\/hu\\\/about\\\/press-center\\\/new-4tb-canvio-portable-hard-drive-models\\\/#primaryimage\"},\"thumbnailUrl\":\"\",\"datePublished\":\"2018-12-04T08:00:30+00:00\",\"dateModified\":\"2018-12-04T09:39:40+00:00\",\"inLanguage\":\"hu-HU\",\"potentialAction\":[{\"@type\":\"ReadAction\",\"target\":[\"https:\\\/\\\/www.toshiba-storage.com\\\/hu\\\/about\\\/press-center\\\/new-4tb-canvio-portable-hard-drive-models\\\/\"]}]},{\"@type\":\"ImageObject\",\"inLanguage\":\"hu-HU\",\"@id\":\"https:\\\/\\\/www.toshiba-storage.com\\\/hu\\\/about\\\/press-center\\\/new-4tb-canvio-portable-hard-drive-models\\\/#primaryimage\",\"url\":\"\",\"contentUrl\":\"\",\"width\":6831,\"height\":4702},{\"@type\":\"WebSite\",\"@id\":\"https:\\\/\\\/www.toshiba-storage.com\\\/hu\\\/#website\",\"url\":\"https:\\\/\\\/www.toshiba-storage.com\\\/hu\\\/\",\"name\":\"Toshiba Storage Solutions \u2013 EMEA Region\",\"description\":\"Toshiba in Europe and Middle East Asia provides reliable and innovative storage solutions and internal and external HDDs \u2013for Laptops, PC, NAS, Surveillance and Enterprise.\",\"publisher\":{\"@id\":\"https:\\\/\\\/www.toshiba-storage.com\\\/hu\\\/#organization\"},\"potentialAction\":[{\"@type\":\"SearchAction\",\"target\":{\"@type\":\"EntryPoint\",\"urlTemplate\":\"https:\\\/\\\/www.toshiba-storage.com\\\/hu\\\/?s={search_term_string}\"},\"query-input\":{\"@type\":\"PropertyValueSpecification\",\"valueRequired\":true,\"valueName\":\"search_term_string\"}}],\"inLanguage\":\"hu-HU\"},{\"@type\":\"Organization\",\"@id\":\"https:\\\/\\\/www.toshiba-storage.com\\\/hu\\\/#organization\",\"name\":\"Toshiba Electronics Europe GmbH\",\"url\":\"https:\\\/\\\/www.toshiba-storage.com\\\/hu\\\/\",\"logo\":{\"@type\":\"ImageObject\",\"inLanguage\":\"hu-HU\",\"@id\":\"https:\\\/\\\/www.toshiba-storage.com\\\/hu\\\/#\\\/schema\\\/logo\\\/image\\\/\",\"url\":\"https:\\\/\\\/www.toshiba-storage.com\\\/wp\\\/wp-content\\\/uploads\\\/2024\\\/02\\\/toshiba-logo.png\",\"contentUrl\":\"https:\\\/\\\/www.toshiba-storage.com\\\/wp\\\/wp-content\\\/uploads\\\/2024\\\/02\\\/toshiba-logo.png\",\"width\":263,\"height\":40,\"caption\":\"Toshiba Electronics Europe GmbH\"},\"image\":{\"@id\":\"https:\\\/\\\/www.toshiba-storage.com\\\/hu\\\/#\\\/schema\\\/logo\\\/image\\\/\"},\"sameAs\":[\"https:\\\/\\\/www.facebook.com\\\/ToshibaStorageEU\\\/\",\"https:\\\/\\\/www.linkedin.com\\\/company\\\/toshiba-electronics-europe-gmbh\\\/?originalSubdomain=de\",\"https:\\\/\\\/www.youtube.com\\\/user\\\/ToshibaElectronics1\"]},{\"@type\":\"Person\",\"@id\":\"\"}]}<\/script>\n<!-- \/ Yoast SEO Premium plugin. -->","yoast_head_json":{"title":"A Toshiba \u00faj 4 TB-os CANVIO hordozhat\u00f3 merevlemez-meghajt\u00f3kkal b\u0151v\u00edti biztons\u00e1gos \u00e9s megb\u00edzhat\u00f3 adatt\u00e1rol\u00f3-eszk\u00f6zeinek v\u00e1laszt\u00e9k\u00e1t - EMEA","robots":{"index":"index","follow":"follow","max-snippet":"max-snippet:-1","max-image-preview":"max-image-preview:large","max-video-preview":"max-video-preview:-1"},"canonical":"https:\/\/www.toshiba-storage.com\/hu\/about\/press-center\/new-4tb-canvio-portable-hard-drive-models\/","og_locale":"hu_HU","og_type":"article","og_title":"A Toshiba \u00faj 4 TB-os CANVIO hordozhat\u00f3 merevlemez-meghajt\u00f3kkal b\u0151v\u00edti biztons\u00e1gos \u00e9s megb\u00edzhat\u00f3 adatt\u00e1rol\u00f3-eszk\u00f6zeinek v\u00e1laszt\u00e9k\u00e1t","og_description":"[vc_row][vc_column][vc_single_image image=&#8221;24375&#8243; img_size=&#8221;large&#8221; alignment=&#8221;center&#8221;][\/vc_column][\/vc_row][vc_row][vc_column width=&#8221;1\/2&#8243;][vc_column_text] Az eleg\u00e1ns \u00e9s v\u00e9kony kivitel\u0171 k\u00fcls\u0151 meghajt\u00f3k praktikus funkci\u00f3ihoz nagyobb t\u00e1rol\u00f3kapacit\u00e1s p\u00e1rosul D\u00fcsseldorf, N\u00e9metorsz\u00e1g \u2013 2018. december 4. \u2013 A Toshiba Electronics Europe GmbH ma bejelentette n\u00e9pszer\u0171 CANVIO k\u00fcls\u0151merevlemez-csal\u00e1dj\u00e1nak \u00faj tagjait: mostant\u00f3l PREMIUM, ADVANCE, BASICS \u00e9s READY sorozata egyar\u00e1nt megv\u00e1s\u00e1rolhat\u00f3 4 TB[1] -os t\u00e1rol\u00f3kapacit\u00e1ssal is. A Toshiba szakadatlanul t\u00f6rekszik az &hellip;","og_url":"https:\/\/www.toshiba-storage.com\/hu\/about\/press-center\/new-4tb-canvio-portable-hard-drive-models\/","og_site_name":"EMEA","article_publisher":"https:\/\/www.facebook.com\/ToshibaStorageEU\/","article_published_time":"2018-12-04T08:00:30+00:00","article_modified_time":"2018-12-04T09:39:40+00:00","twitter_card":"summary_large_image","twitter_misc":{"Written by":"","Est. reading time":"5 minutes"},"schema":{"@context":"https:\/\/schema.org","@graph":[{"@type":"Article","@id":"https:\/\/www.toshiba-storage.com\/hu\/about\/press-center\/new-4tb-canvio-portable-hard-drive-models\/#article","isPartOf":{"@id":"https:\/\/www.toshiba-storage.com\/hu\/about\/press-center\/new-4tb-canvio-portable-hard-drive-models\/"},"author":{"name":"","@id":""},"headline":"A Toshiba \u00faj 4 TB-os CANVIO hordozhat\u00f3 merevlemez-meghajt\u00f3kkal b\u0151v\u00edti biztons\u00e1gos \u00e9s megb\u00edzhat\u00f3 adatt\u00e1rol\u00f3-eszk\u00f6zeinek v\u00e1laszt\u00e9k\u00e1t","datePublished":"2018-12-04T08:00:30+00:00","dateModified":"2018-12-04T09:39:40+00:00","mainEntityOfPage":{"@id":"https:\/\/www.toshiba-storage.com\/hu\/about\/press-center\/new-4tb-canvio-portable-hard-drive-models\/"},"wordCount":1117,"commentCount":0,"publisher":{"@id":"https:\/\/www.toshiba-storage.com\/hu\/#organization"},"image":{"@id":"https:\/\/www.toshiba-storage.com\/hu\/about\/press-center\/new-4tb-canvio-portable-hard-drive-models\/#primaryimage"},"thumbnailUrl":"","articleSection":["Uncategorized @hu"],"inLanguage":"hu-HU","potentialAction":[{"@type":"CommentAction","name":"Comment","target":["https:\/\/www.toshiba-storage.com\/hu\/about\/press-center\/new-4tb-canvio-portable-hard-drive-models\/#respond"]}]},{"@type":"WebPage","@id":"https:\/\/www.toshiba-storage.com\/hu\/about\/press-center\/new-4tb-canvio-portable-hard-drive-models\/","url":"https:\/\/www.toshiba-storage.com\/hu\/about\/press-center\/new-4tb-canvio-portable-hard-drive-models\/","name":"A Toshiba \u00faj 4 TB-os CANVIO hordozhat\u00f3 merevlemez-meghajt\u00f3kkal b\u0151v\u00edti biztons\u00e1gos \u00e9s megb\u00edzhat\u00f3 adatt\u00e1rol\u00f3-eszk\u00f6zeinek v\u00e1laszt\u00e9k\u00e1t - EMEA","isPartOf":{"@id":"https:\/\/www.toshiba-storage.com\/hu\/#website"},"primaryImageOfPage":{"@id":"https:\/\/www.toshiba-storage.com\/hu\/about\/press-center\/new-4tb-canvio-portable-hard-drive-models\/#primaryimage"},"image":{"@id":"https:\/\/www.toshiba-storage.com\/hu\/about\/press-center\/new-4tb-canvio-portable-hard-drive-models\/#primaryimage"},"thumbnailUrl":"","datePublished":"2018-12-04T08:00:30+00:00","dateModified":"2018-12-04T09:39:40+00:00","inLanguage":"hu-HU","potentialAction":[{"@type":"ReadAction","target":["https:\/\/www.toshiba-storage.com\/hu\/about\/press-center\/new-4tb-canvio-portable-hard-drive-models\/"]}]},{"@type":"ImageObject","inLanguage":"hu-HU","@id":"https:\/\/www.toshiba-storage.com\/hu\/about\/press-center\/new-4tb-canvio-portable-hard-drive-models\/#primaryimage","url":"","contentUrl":"","width":6831,"height":4702},{"@type":"WebSite","@id":"https:\/\/www.toshiba-storage.com\/hu\/#website","url":"https:\/\/www.toshiba-storage.com\/hu\/","name":"Toshiba Storage Solutions \u2013 EMEA Region","description":"Toshiba in Europe and Middle East Asia provides reliable and innovative storage solutions and internal and external HDDs \u2013for Laptops, PC, NAS, Surveillance and Enterprise.","publisher":{"@id":"https:\/\/www.toshiba-storage.com\/hu\/#organization"},"potentialAction":[{"@type":"SearchAction","target":{"@type":"EntryPoint","urlTemplate":"https:\/\/www.toshiba-storage.com\/hu\/?s={search_term_string}"},"query-input":{"@type":"PropertyValueSpecification","valueRequired":true,"valueName":"search_term_string"}}],"inLanguage":"hu-HU"},{"@type":"Organization","@id":"https:\/\/www.toshiba-storage.com\/hu\/#organization","name":"Toshiba Electronics Europe GmbH","url":"https:\/\/www.toshiba-storage.com\/hu\/","logo":{"@type":"ImageObject","inLanguage":"hu-HU","@id":"https:\/\/www.toshiba-storage.com\/hu\/#\/schema\/logo\/image\/","url":"https:\/\/www.toshiba-storage.com\/wp\/wp-content\/uploads\/2024\/02\/toshiba-logo.png","contentUrl":"https:\/\/www.toshiba-storage.com\/wp\/wp-content\/uploads\/2024\/02\/toshiba-logo.png","width":263,"height":40,"caption":"Toshiba Electronics Europe GmbH"},"image":{"@id":"https:\/\/www.toshiba-storage.com\/hu\/#\/schema\/logo\/image\/"},"sameAs":["https:\/\/www.facebook.com\/ToshibaStorageEU\/","https:\/\/www.linkedin.com\/company\/toshiba-electronics-europe-gmbh\/?originalSubdomain=de","https:\/\/www.youtube.com\/user\/ToshibaElectronics1"]},{"@type":"Person","@id":""}]}},"_links":{"self":[{"href":"https:\/\/www.toshiba-storage.com\/hu\/wp-json\/wp\/v2\/posts\/24416","targetHints":{"allow":["GET"]}}],"collection":[{"href":"https:\/\/www.toshiba-storage.com\/hu\/wp-json\/wp\/v2\/posts"}],"about":[{"href":"https:\/\/www.toshiba-storage.com\/hu\/wp-json\/wp\/v2\/types\/post"}],"author":[{"embeddable":true,"href":"https:\/\/www.toshiba-storage.com\/hu\/wp-json\/wp\/v2\/users\/23"}],"replies":[{"embeddable":true,"href":"https:\/\/www.toshiba-storage.com\/hu\/wp-json\/wp\/v2\/comments?post=24416"}],"version-history":[{"count":0,"href":"https:\/\/www.toshiba-storage.com\/hu\/wp-json\/wp\/v2\/posts\/24416\/revisions"}],"wp:featuredmedia":[{"embeddable":true,"href":"https:\/\/www.toshiba-storage.com\/hu\/wp-json\/"}],"wp:attachment":[{"href":"https:\/\/www.toshiba-storage.com\/hu\/wp-json\/wp\/v2\/media?parent=24416"}],"wp:term":[{"taxonomy":"category","embeddable":true,"href":"https:\/\/www.toshiba-storage.com\/hu\/wp-json\/wp\/v2\/categories?post=24416"},{"taxonomy":"post_tag","embeddable":true,"href":"https:\/\/www.toshiba-storage.com\/hu\/wp-json\/wp\/v2\/tags?post=24416"}],"curies":[{"name":"wp","href":"https:\/\/api.w.org\/{rel}","templated":true}]}}