{"id":11203,"date":"2016-03-11T13:41:11","date_gmt":"2016-03-11T12:41:11","guid":{"rendered":"https:\/\/toshibaelectronicseuropegmbh.preview.pslsrv.com\/about\/press-center\/a-toshiba-bemutatja-uj-canvio-for-desktop-merevlemezet\/"},"modified":"2017-12-04T17:51:47","modified_gmt":"2017-12-04T16:51:47","slug":"toshiba-launches-new-canvio-for-desktop-usb-3-0-hard-disk-drive","status":"publish","type":"post","link":"https:\/\/www.toshiba-storage.com\/hu\/about\/press-center\/toshiba-launches-new-canvio-for-desktop-usb-3-0-hard-disk-drive\/","title":{"rendered":"A Toshiba bemutatja \u00faj Canvio for Desktop merevlemez\u00e9t"},"content":{"rendered":"<div class=\"wpb-content-wrapper\"><p>[vc_row][vc_column width=&#8221;1\/2&#8243;][vc_single_image image=&#8221;1578&#8243; img_size=&#8221;full&#8221;][\/vc_column][vc_column width=&#8221;1\/2&#8243;][vc_column_text]2016. m\u00e1rcius 11. \u2013 A Toshiba ma jelenti be \u00faj Canvio for Desktop k\u00fcls\u0151 merevlemezmeghajt\u00f3j\u00e1nak bevezet\u00e9s\u00e9t. El\u0151dj\u00e9hez, a Canvio Deskhez hasonl\u00f3an a t\u00e1rol\u00f3egys\u00e9g ak\u00e1r 6 TB-os 1 kapacit\u00e1ssal is b\u00edrhat, m\u00edg a j\u00f6v\u0151be mutat\u00f3 USB 3.0-s portja r\u00e9v\u00e9n a f\u00e1jlok m\u00e1sol\u00e1sa gyors \u00e9s egyszer\u0171.<\/p>\n<p>A Canvio for Desktop felhaszn\u00e1l\u00f3i a sz\u00e1m\u00edt\u00f3g\u00e9p k\u00f6zvetlen k\u00f6zel\u00e9ben, k\u00f6zponti helyen t\u00e1rolhatj\u00e1k f\u00e1jljaikat \u00e9s azok biztons\u00e1gi m\u00e1solat\u00e1t. A k\u00fcl\u00f6nb\u00f6z\u0151 \u2013 2 TB, 3 TB, 4 TB, 5 TB \u00e9s 6 TB \u2013 kapacit\u00e1ssal is el\u00e9rhet\u0151 eszk\u00f6z t\u00f6bb ezer f\u00e9nyk\u00e9p, f\u00e1jl \u00e9s zenesz\u00e1m t\u00e1rol\u00e1s\u00e1ra alkalmas. Az USB 3.0-s technol\u00f3gi\u00e1val ell\u00e1tott Canvio for Desktop gyors \u00e1tvitelt tesz lehet\u0151v\u00e9, \u00edgy a nagy m\u00e9ret\u0171 f\u00e1jlok is r\u00f6vid id\u0151 alatt let\u00f6lthet\u0151k vagy \u00e1tm\u00e1solhat\u00f3k. S\u0151t, az USB 3.0-s port visszamen\u0151leg is kompatibilis, \u00edgy t\u00e1mogatja a r\u00e9gebbi, USB 2.0-s portokkal rendelkez\u0151 hardvereket, amelyekr\u0151l ugyanolyan k\u00f6nnyed\u00e9n elv\u00e9gezheti az adat\u00e1tvitelt a sz\u00e1m\u00edt\u00f3g\u00e9p \u00fajabbra cser\u00e9l\u00e9sekor. A Canvio for Desktop merevlemez-meghajt\u00f3k el\u0151re form\u00e1zott NTFS f\u00e1jlrendszer\u0171ek a Windows \u00ae 10, Windows 8.1 \u00e9s Windows \u00ae 7 oper\u00e1ci\u00f3s rendszerekhez. A meghajt\u00f3 rendelkezik ugyanakkor NTFS-illeszt\u0151programmal a Mac eszk\u00f6z\u00f6k sz\u00e1m\u00e1ra, \u00edgy \u00fajraform\u00e1z\u00e1s n\u00e9lk\u00fcl haszn\u00e1lhat\u00f3 Windows \u00ae vagy Mac sz\u00e1m\u00edt\u00f3g\u00e9pekkel.<\/p>\n<p>A f\u00e1jlok biztons\u00e1g\u00e1r\u00f3l az el\u0151re telep\u00edtett szoftver gondoskodik, amely szem\u00e9lyre szabhat\u00f3 biztons\u00e1gi ment\u00e9si opci\u00f3kat k\u00edn\u00e1l. Az automatikus biztons\u00e1gi ment\u00e9s a nap b\u00e1rmely pillanat\u00e1ra beprogramozhat\u00f3, \u00edgy elker\u00fclhet\u0151 a csal\u00e1di k\u00e9pek \u00e9s vide\u00f3k elvesz\u00edt\u00e9se.<\/p>\n<p>A st\u00edlusos \u00e9s sokoldal\u00fa burkolatba z\u00e1rt Canvio for Desktop v\u00edzszintesen, f\u00fcgg\u0151legesen vagy az asztalra fektetve is haszn\u00e1lhat\u00f3. Egyedi jelsz\u00f3val is ell\u00e1that\u00f3, \u00edgy megel\u0151zhet\u0151, hogy jogosulatlan szem\u00e9lyek hozz\u00e1f\u00e9rjenek a merevlemez-meghajt\u00f3n t\u00e1rolt szem\u00e9lyes adatokhoz. Ezenk\u00edv\u00fcl a HDD-n lop\u00e1sbiztos z\u00e1r csatlakoztat\u00e1s\u00e1ra alkalmas ny\u00edl\u00e1s is tal\u00e1lhat\u00f3, \u00edgy biztons\u00e1gosan lez\u00e1rhatja az eszk\u00f6zt, meg\u00f3vva azt a lop\u00e1st\u00f3l vagy egy\u00e9b k\u00e1rokt\u00f3l. Az ECO kikapcsol\u00e1si technol\u00f3gi\u00e1nak k\u00f6sz\u00f6nhet\u0151en energiagazd\u00e1lkod\u00e1si megfontol\u00e1sb\u00f3l a HDD a hozz\u00e1 csatlakoztatott eszk\u00f6z le\u00e1ll\u00e1sa eset\u00e9n kikapcsol.<\/p>\n<p>A Canvio for Desktop HDD fekete sz\u00ednben, illetve 2 TB, 3 TB, 4 TB, 5 TB \u00e9s 6 TB t\u00e1rol\u00f3kapacit\u00e1ssal lesz kaphat\u00f3. A piacon m\u00e1jus k\u00f6zep\u00e9t\u0151l lesz el\u00e9rhet\u0151. M\u00e1rcius 14 \u00e9s 18 k\u00f6z\u00f6tt az \u00faj k\u00fcls\u0151 merevlemez-meghajt\u00f3 a CeBIT 2016-on ker\u00fcl bemutat\u00e1sra a Toshiba t\u00e1rol\u00e1si megold\u00e1sainak teljes t\u00e1rh\u00e1z\u00e1val egy\u00fctt, a 14-es csarnok H52-es standj\u00e1n.[\/vc_column_text][\/vc_column][\/vc_row]<\/p>\n<\/div>","protected":false},"excerpt":{"rendered":"<p>[vc_row][vc_column width=&#8221;1\/2&#8243;][vc_single_image image=&#8221;1578&#8243; img_size=&#8221;full&#8221;][\/vc_column][vc_column width=&#8221;1\/2&#8243;][vc_column_text]2016. m\u00e1rcius 11. \u2013 A Toshiba ma jelenti be \u00faj Canvio for Desktop k\u00fcls\u0151 merevlemezmeghajt\u00f3j\u00e1nak bevezet\u00e9s\u00e9t. El\u0151dj\u00e9hez, a Canvio Deskhez hasonl\u00f3an a t\u00e1rol\u00f3egys\u00e9g ak\u00e1r 6 TB-os 1 kapacit\u00e1ssal is b\u00edrhat, m\u00edg a j\u00f6v\u0151be mutat\u00f3 USB 3.0-s portja r\u00e9v\u00e9n a f\u00e1jlok m\u00e1sol\u00e1sa gyors \u00e9s egyszer\u0171. A Canvio for Desktop felhaszn\u00e1l\u00f3i a sz\u00e1m\u00edt\u00f3g\u00e9p &hellip;<\/p>\n","protected":false},"author":7,"featured_media":9199,"comment_status":"open","ping_status":"open","sticky":false,"template":"","format":"standard","meta":{"_acf_changed":false,"footnotes":""},"categories":[1],"tags":[],"class_list":["post-11203","post","type-post","status-publish","format-standard","has-post-thumbnail","hentry","category-uncategorized"],"acf":[],"yoast_head":"<!-- This site is optimized with the Yoast SEO Premium plugin v27.5 (Yoast SEO v27.5) - https:\/\/yoast.com\/product\/yoast-seo-premium-wordpress\/ -->\n<title>A Toshiba bemutatja \u00faj Canvio for Desktop merevlemez\u00e9t - EMEA<\/title>\n<meta name=\"robots\" content=\"index, follow, max-snippet:-1, max-image-preview:large, max-video-preview:-1\" \/>\n<link rel=\"canonical\" href=\"https:\/\/www.toshiba-storage.com\/hu\/about\/press-center\/toshiba-launches-new-canvio-for-desktop-usb-3-0-hard-disk-drive\/\" \/>\n<meta property=\"og:locale\" content=\"hu_HU\" \/>\n<meta property=\"og:type\" content=\"article\" \/>\n<meta property=\"og:title\" content=\"A Toshiba bemutatja \u00faj Canvio for Desktop merevlemez\u00e9t\" \/>\n<meta property=\"og:description\" content=\"[vc_row][vc_column width=&#8221;1\/2&#8243;][vc_single_image image=&#8221;1578&#8243; img_size=&#8221;full&#8221;][\/vc_column][vc_column width=&#8221;1\/2&#8243;][vc_column_text]2016. m\u00e1rcius 11. \u2013 A Toshiba ma jelenti be \u00faj Canvio for Desktop k\u00fcls\u0151 merevlemezmeghajt\u00f3j\u00e1nak bevezet\u00e9s\u00e9t. El\u0151dj\u00e9hez, a Canvio Deskhez hasonl\u00f3an a t\u00e1rol\u00f3egys\u00e9g ak\u00e1r 6 TB-os 1 kapacit\u00e1ssal is b\u00edrhat, m\u00edg a j\u00f6v\u0151be mutat\u00f3 USB 3.0-s portja r\u00e9v\u00e9n a f\u00e1jlok m\u00e1sol\u00e1sa gyors \u00e9s egyszer\u0171. A Canvio for Desktop felhaszn\u00e1l\u00f3i a sz\u00e1m\u00edt\u00f3g\u00e9p &hellip;\" \/>\n<meta property=\"og:url\" content=\"https:\/\/www.toshiba-storage.com\/hu\/about\/press-center\/toshiba-launches-new-canvio-for-desktop-usb-3-0-hard-disk-drive\/\" \/>\n<meta property=\"og:site_name\" content=\"EMEA\" \/>\n<meta property=\"article:publisher\" content=\"https:\/\/www.facebook.com\/ToshibaStorageEU\/\" \/>\n<meta property=\"article:published_time\" content=\"2016-03-11T12:41:11+00:00\" \/>\n<meta property=\"article:modified_time\" content=\"2017-12-04T16:51:47+00:00\" \/>\n<meta name=\"twitter:card\" content=\"summary_large_image\" \/>\n<meta name=\"twitter:label1\" content=\"Written by\" \/>\n\t<meta name=\"twitter:data1\" content=\"\" \/>\n\t<meta name=\"twitter:label2\" content=\"Est. reading time\" \/>\n\t<meta name=\"twitter:data2\" content=\"3 minutes\" \/>\n<script type=\"application\/ld+json\" class=\"yoast-schema-graph\">{\"@context\":\"https:\\\/\\\/schema.org\",\"@graph\":[{\"@type\":\"Article\",\"@id\":\"https:\\\/\\\/www.toshiba-storage.com\\\/hu\\\/about\\\/press-center\\\/toshiba-launches-new-canvio-for-desktop-usb-3-0-hard-disk-drive\\\/#article\",\"isPartOf\":{\"@id\":\"https:\\\/\\\/www.toshiba-storage.com\\\/hu\\\/about\\\/press-center\\\/toshiba-launches-new-canvio-for-desktop-usb-3-0-hard-disk-drive\\\/\"},\"author\":{\"name\":\"\",\"@id\":\"\"},\"headline\":\"A Toshiba bemutatja \u00faj Canvio for Desktop merevlemez\u00e9t\",\"datePublished\":\"2016-03-11T12:41:11+00:00\",\"dateModified\":\"2017-12-04T16:51:47+00:00\",\"mainEntityOfPage\":{\"@id\":\"https:\\\/\\\/www.toshiba-storage.com\\\/hu\\\/about\\\/press-center\\\/toshiba-launches-new-canvio-for-desktop-usb-3-0-hard-disk-drive\\\/\"},\"wordCount\":538,\"commentCount\":0,\"publisher\":{\"@id\":\"https:\\\/\\\/www.toshiba-storage.com\\\/hu\\\/#organization\"},\"image\":{\"@id\":\"https:\\\/\\\/www.toshiba-storage.com\\\/hu\\\/about\\\/press-center\\\/toshiba-launches-new-canvio-for-desktop-usb-3-0-hard-disk-drive\\\/#primaryimage\"},\"thumbnailUrl\":\"\",\"inLanguage\":\"hu-HU\",\"potentialAction\":[{\"@type\":\"CommentAction\",\"name\":\"Comment\",\"target\":[\"https:\\\/\\\/www.toshiba-storage.com\\\/hu\\\/about\\\/press-center\\\/toshiba-launches-new-canvio-for-desktop-usb-3-0-hard-disk-drive\\\/#respond\"]}]},{\"@type\":\"WebPage\",\"@id\":\"https:\\\/\\\/www.toshiba-storage.com\\\/hu\\\/about\\\/press-center\\\/toshiba-launches-new-canvio-for-desktop-usb-3-0-hard-disk-drive\\\/\",\"url\":\"https:\\\/\\\/www.toshiba-storage.com\\\/hu\\\/about\\\/press-center\\\/toshiba-launches-new-canvio-for-desktop-usb-3-0-hard-disk-drive\\\/\",\"name\":\"A Toshiba bemutatja \u00faj Canvio for Desktop merevlemez\u00e9t - EMEA\",\"isPartOf\":{\"@id\":\"https:\\\/\\\/www.toshiba-storage.com\\\/hu\\\/#website\"},\"primaryImageOfPage\":{\"@id\":\"https:\\\/\\\/www.toshiba-storage.com\\\/hu\\\/about\\\/press-center\\\/toshiba-launches-new-canvio-for-desktop-usb-3-0-hard-disk-drive\\\/#primaryimage\"},\"image\":{\"@id\":\"https:\\\/\\\/www.toshiba-storage.com\\\/hu\\\/about\\\/press-center\\\/toshiba-launches-new-canvio-for-desktop-usb-3-0-hard-disk-drive\\\/#primaryimage\"},\"thumbnailUrl\":\"\",\"datePublished\":\"2016-03-11T12:41:11+00:00\",\"dateModified\":\"2017-12-04T16:51:47+00:00\",\"inLanguage\":\"hu-HU\",\"potentialAction\":[{\"@type\":\"ReadAction\",\"target\":[\"https:\\\/\\\/www.toshiba-storage.com\\\/hu\\\/about\\\/press-center\\\/toshiba-launches-new-canvio-for-desktop-usb-3-0-hard-disk-drive\\\/\"]}]},{\"@type\":\"ImageObject\",\"inLanguage\":\"hu-HU\",\"@id\":\"https:\\\/\\\/www.toshiba-storage.com\\\/hu\\\/about\\\/press-center\\\/toshiba-launches-new-canvio-for-desktop-usb-3-0-hard-disk-drive\\\/#primaryimage\",\"url\":\"\",\"contentUrl\":\"\",\"width\":960,\"height\":720},{\"@type\":\"WebSite\",\"@id\":\"https:\\\/\\\/www.toshiba-storage.com\\\/hu\\\/#website\",\"url\":\"https:\\\/\\\/www.toshiba-storage.com\\\/hu\\\/\",\"name\":\"Toshiba Storage Solutions \u2013 EMEA Region\",\"description\":\"Toshiba in Europe and Middle East Asia provides reliable and innovative storage solutions and internal and external HDDs \u2013for Laptops, PC, NAS, Surveillance and Enterprise.\",\"publisher\":{\"@id\":\"https:\\\/\\\/www.toshiba-storage.com\\\/hu\\\/#organization\"},\"potentialAction\":[{\"@type\":\"SearchAction\",\"target\":{\"@type\":\"EntryPoint\",\"urlTemplate\":\"https:\\\/\\\/www.toshiba-storage.com\\\/hu\\\/?s={search_term_string}\"},\"query-input\":{\"@type\":\"PropertyValueSpecification\",\"valueRequired\":true,\"valueName\":\"search_term_string\"}}],\"inLanguage\":\"hu-HU\"},{\"@type\":\"Organization\",\"@id\":\"https:\\\/\\\/www.toshiba-storage.com\\\/hu\\\/#organization\",\"name\":\"Toshiba Electronics Europe GmbH\",\"url\":\"https:\\\/\\\/www.toshiba-storage.com\\\/hu\\\/\",\"logo\":{\"@type\":\"ImageObject\",\"inLanguage\":\"hu-HU\",\"@id\":\"https:\\\/\\\/www.toshiba-storage.com\\\/hu\\\/#\\\/schema\\\/logo\\\/image\\\/\",\"url\":\"https:\\\/\\\/www.toshiba-storage.com\\\/wp\\\/wp-content\\\/uploads\\\/2024\\\/02\\\/toshiba-logo.png\",\"contentUrl\":\"https:\\\/\\\/www.toshiba-storage.com\\\/wp\\\/wp-content\\\/uploads\\\/2024\\\/02\\\/toshiba-logo.png\",\"width\":263,\"height\":40,\"caption\":\"Toshiba Electronics Europe GmbH\"},\"image\":{\"@id\":\"https:\\\/\\\/www.toshiba-storage.com\\\/hu\\\/#\\\/schema\\\/logo\\\/image\\\/\"},\"sameAs\":[\"https:\\\/\\\/www.facebook.com\\\/ToshibaStorageEU\\\/\",\"https:\\\/\\\/www.linkedin.com\\\/company\\\/toshiba-electronics-europe-gmbh\\\/?originalSubdomain=de\",\"https:\\\/\\\/www.youtube.com\\\/user\\\/ToshibaElectronics1\"]},{\"@type\":\"Person\",\"@id\":\"\"}]}<\/script>\n<!-- \/ Yoast SEO Premium plugin. -->","yoast_head_json":{"title":"A Toshiba bemutatja \u00faj Canvio for Desktop merevlemez\u00e9t - EMEA","robots":{"index":"index","follow":"follow","max-snippet":"max-snippet:-1","max-image-preview":"max-image-preview:large","max-video-preview":"max-video-preview:-1"},"canonical":"https:\/\/www.toshiba-storage.com\/hu\/about\/press-center\/toshiba-launches-new-canvio-for-desktop-usb-3-0-hard-disk-drive\/","og_locale":"hu_HU","og_type":"article","og_title":"A Toshiba bemutatja \u00faj Canvio for Desktop merevlemez\u00e9t","og_description":"[vc_row][vc_column width=&#8221;1\/2&#8243;][vc_single_image image=&#8221;1578&#8243; img_size=&#8221;full&#8221;][\/vc_column][vc_column width=&#8221;1\/2&#8243;][vc_column_text]2016. m\u00e1rcius 11. \u2013 A Toshiba ma jelenti be \u00faj Canvio for Desktop k\u00fcls\u0151 merevlemezmeghajt\u00f3j\u00e1nak bevezet\u00e9s\u00e9t. El\u0151dj\u00e9hez, a Canvio Deskhez hasonl\u00f3an a t\u00e1rol\u00f3egys\u00e9g ak\u00e1r 6 TB-os 1 kapacit\u00e1ssal is b\u00edrhat, m\u00edg a j\u00f6v\u0151be mutat\u00f3 USB 3.0-s portja r\u00e9v\u00e9n a f\u00e1jlok m\u00e1sol\u00e1sa gyors \u00e9s egyszer\u0171. A Canvio for Desktop felhaszn\u00e1l\u00f3i a sz\u00e1m\u00edt\u00f3g\u00e9p &hellip;","og_url":"https:\/\/www.toshiba-storage.com\/hu\/about\/press-center\/toshiba-launches-new-canvio-for-desktop-usb-3-0-hard-disk-drive\/","og_site_name":"EMEA","article_publisher":"https:\/\/www.facebook.com\/ToshibaStorageEU\/","article_published_time":"2016-03-11T12:41:11+00:00","article_modified_time":"2017-12-04T16:51:47+00:00","twitter_card":"summary_large_image","twitter_misc":{"Written by":"","Est. reading time":"3 minutes"},"schema":{"@context":"https:\/\/schema.org","@graph":[{"@type":"Article","@id":"https:\/\/www.toshiba-storage.com\/hu\/about\/press-center\/toshiba-launches-new-canvio-for-desktop-usb-3-0-hard-disk-drive\/#article","isPartOf":{"@id":"https:\/\/www.toshiba-storage.com\/hu\/about\/press-center\/toshiba-launches-new-canvio-for-desktop-usb-3-0-hard-disk-drive\/"},"author":{"name":"","@id":""},"headline":"A Toshiba bemutatja \u00faj Canvio for Desktop merevlemez\u00e9t","datePublished":"2016-03-11T12:41:11+00:00","dateModified":"2017-12-04T16:51:47+00:00","mainEntityOfPage":{"@id":"https:\/\/www.toshiba-storage.com\/hu\/about\/press-center\/toshiba-launches-new-canvio-for-desktop-usb-3-0-hard-disk-drive\/"},"wordCount":538,"commentCount":0,"publisher":{"@id":"https:\/\/www.toshiba-storage.com\/hu\/#organization"},"image":{"@id":"https:\/\/www.toshiba-storage.com\/hu\/about\/press-center\/toshiba-launches-new-canvio-for-desktop-usb-3-0-hard-disk-drive\/#primaryimage"},"thumbnailUrl":"","inLanguage":"hu-HU","potentialAction":[{"@type":"CommentAction","name":"Comment","target":["https:\/\/www.toshiba-storage.com\/hu\/about\/press-center\/toshiba-launches-new-canvio-for-desktop-usb-3-0-hard-disk-drive\/#respond"]}]},{"@type":"WebPage","@id":"https:\/\/www.toshiba-storage.com\/hu\/about\/press-center\/toshiba-launches-new-canvio-for-desktop-usb-3-0-hard-disk-drive\/","url":"https:\/\/www.toshiba-storage.com\/hu\/about\/press-center\/toshiba-launches-new-canvio-for-desktop-usb-3-0-hard-disk-drive\/","name":"A Toshiba bemutatja \u00faj Canvio for Desktop merevlemez\u00e9t - EMEA","isPartOf":{"@id":"https:\/\/www.toshiba-storage.com\/hu\/#website"},"primaryImageOfPage":{"@id":"https:\/\/www.toshiba-storage.com\/hu\/about\/press-center\/toshiba-launches-new-canvio-for-desktop-usb-3-0-hard-disk-drive\/#primaryimage"},"image":{"@id":"https:\/\/www.toshiba-storage.com\/hu\/about\/press-center\/toshiba-launches-new-canvio-for-desktop-usb-3-0-hard-disk-drive\/#primaryimage"},"thumbnailUrl":"","datePublished":"2016-03-11T12:41:11+00:00","dateModified":"2017-12-04T16:51:47+00:00","inLanguage":"hu-HU","potentialAction":[{"@type":"ReadAction","target":["https:\/\/www.toshiba-storage.com\/hu\/about\/press-center\/toshiba-launches-new-canvio-for-desktop-usb-3-0-hard-disk-drive\/"]}]},{"@type":"ImageObject","inLanguage":"hu-HU","@id":"https:\/\/www.toshiba-storage.com\/hu\/about\/press-center\/toshiba-launches-new-canvio-for-desktop-usb-3-0-hard-disk-drive\/#primaryimage","url":"","contentUrl":"","width":960,"height":720},{"@type":"WebSite","@id":"https:\/\/www.toshiba-storage.com\/hu\/#website","url":"https:\/\/www.toshiba-storage.com\/hu\/","name":"Toshiba Storage Solutions \u2013 EMEA Region","description":"Toshiba in Europe and Middle East Asia provides reliable and innovative storage solutions and internal and external HDDs \u2013for Laptops, PC, NAS, Surveillance and Enterprise.","publisher":{"@id":"https:\/\/www.toshiba-storage.com\/hu\/#organization"},"potentialAction":[{"@type":"SearchAction","target":{"@type":"EntryPoint","urlTemplate":"https:\/\/www.toshiba-storage.com\/hu\/?s={search_term_string}"},"query-input":{"@type":"PropertyValueSpecification","valueRequired":true,"valueName":"search_term_string"}}],"inLanguage":"hu-HU"},{"@type":"Organization","@id":"https:\/\/www.toshiba-storage.com\/hu\/#organization","name":"Toshiba Electronics Europe GmbH","url":"https:\/\/www.toshiba-storage.com\/hu\/","logo":{"@type":"ImageObject","inLanguage":"hu-HU","@id":"https:\/\/www.toshiba-storage.com\/hu\/#\/schema\/logo\/image\/","url":"https:\/\/www.toshiba-storage.com\/wp\/wp-content\/uploads\/2024\/02\/toshiba-logo.png","contentUrl":"https:\/\/www.toshiba-storage.com\/wp\/wp-content\/uploads\/2024\/02\/toshiba-logo.png","width":263,"height":40,"caption":"Toshiba Electronics Europe GmbH"},"image":{"@id":"https:\/\/www.toshiba-storage.com\/hu\/#\/schema\/logo\/image\/"},"sameAs":["https:\/\/www.facebook.com\/ToshibaStorageEU\/","https:\/\/www.linkedin.com\/company\/toshiba-electronics-europe-gmbh\/?originalSubdomain=de","https:\/\/www.youtube.com\/user\/ToshibaElectronics1"]},{"@type":"Person","@id":""}]}},"_links":{"self":[{"href":"https:\/\/www.toshiba-storage.com\/hu\/wp-json\/wp\/v2\/posts\/11203","targetHints":{"allow":["GET"]}}],"collection":[{"href":"https:\/\/www.toshiba-storage.com\/hu\/wp-json\/wp\/v2\/posts"}],"about":[{"href":"https:\/\/www.toshiba-storage.com\/hu\/wp-json\/wp\/v2\/types\/post"}],"author":[{"embeddable":true,"href":"https:\/\/www.toshiba-storage.com\/hu\/wp-json\/wp\/v2\/users\/7"}],"replies":[{"embeddable":true,"href":"https:\/\/www.toshiba-storage.com\/hu\/wp-json\/wp\/v2\/comments?post=11203"}],"version-history":[{"count":0,"href":"https:\/\/www.toshiba-storage.com\/hu\/wp-json\/wp\/v2\/posts\/11203\/revisions"}],"wp:featuredmedia":[{"embeddable":true,"href":"https:\/\/www.toshiba-storage.com\/hu\/wp-json\/"}],"wp:attachment":[{"href":"https:\/\/www.toshiba-storage.com\/hu\/wp-json\/wp\/v2\/media?parent=11203"}],"wp:term":[{"taxonomy":"category","embeddable":true,"href":"https:\/\/www.toshiba-storage.com\/hu\/wp-json\/wp\/v2\/categories?post=11203"},{"taxonomy":"post_tag","embeddable":true,"href":"https:\/\/www.toshiba-storage.com\/hu\/wp-json\/wp\/v2\/tags?post=11203"}],"curies":[{"name":"wp","href":"https:\/\/api.w.org\/{rel}","templated":true}]}}